{"id":65151,"date":"2018-09-16T13:17:36","date_gmt":"2018-09-16T16:17:36","guid":{"rendered":"http:\/\/www.caririemacao.com\/1\/?p=65151"},"modified":"2018-09-16T13:17:36","modified_gmt":"2018-09-16T16:17:36","slug":"prefeituras-da-pb-oferecem-mais-de-150-vagas-em-concursos-salarios-chegam-a-r-2-86048","status":"publish","type":"post","link":"https:\/\/www.caririemacao.com\/1\/2018\/09\/16\/prefeituras-da-pb-oferecem-mais-de-150-vagas-em-concursos-salarios-chegam-a-r-2-86048\/","title":{"rendered":"Prefeituras da PB oferecem mais de 150 vagas em concursos; sal\u00e1rios chegam a R$ 2.860,48"},"content":{"rendered":"<p>As prefeituras de Pedras de Fogo e de S\u00e3o Jo\u00e3o do Cariri est\u00e3o oferecendo mais de 150 vagas atrav\u00e9s de concursos p\u00fablicos. Os sal\u00e1rios oferecidos s\u00e3o de\u00a0 at\u00e9 R$ 2.860,48. Confira os editais de cada certame:<\/p>\n<p>Prefeitura de Pedras de Fogo<\/p>\n<p>A Prefeitura de Pedras de Fogo, no Estado da Para\u00edba, tornou p\u00fablico o edital n\u00ba 01\/2018 instituindo normas para a realiza\u00e7\u00e3o de Concurso P\u00fablico, visando a contrata\u00e7\u00e3o de profissionais de todos os n\u00edveis de escolaridade.<\/p>\n<p>O Concurso Prefeitura de Pedras de Fogo \u2013 PB ser\u00e1 organizado e executado pela empresa FACET Concursos.<\/p>\n<p>Cargos<br \/>\nAs oportunidades s\u00e3o para os seguintes cargos: Auxiliar Administrativo (15 vagas); Auxiliar de Servi\u00e7os (40 vagas); Gari (05 vagas); Operador de M\u00e1quinas (01 vaga); Motorista Categoria C (05 vagas); Guarda Municipal (05 vagas); Coveiro (01 vaga); Encanador (01 vaga); Assistente Social (03 vagas); Enfermeiro (09 vagas); Farmac\u00eautico (01 vaga); Fisioterapeuta (01 vaga); Fonoaudi\u00f3logo (01 vaga); Nutricionista (01 vaga); Odont\u00f3logo (01 vaga); Professor A (13 vagas); Professor de Portugu\u00eas (04 vagas); Professor de Educa\u00e7\u00e3o F\u00edsica (01 vaga); Professor de Ci\u00eancias (01 vaga); Professor de Ingl\u00eas (01 vaga); Psic\u00f3logo (01 vaga); T\u00e9cnico em Enfermagem (09 vagas); e Terapeuta Ocupacional (01 vaga).<\/p>\n<p>A jornada de trabalho \u00e9 de 30h a 40h semanais, com vencimentos iniciais variam de R$ 937,00 a R$ 2.860,48.<\/p>\n<p>Prepare-se:\u00a0Simulados para concursos p\u00fablicos<br \/>\nInscri\u00e7\u00e3o<br \/>\nAs inscri\u00e7\u00f5es ser\u00e3o aceitas via Internet no per\u00edodo de 10 de setembro a 19 de outubro de 2018, no endere\u00e7o eletr\u00f4nico: www.facetconcursos.com.br.<\/p>\n<p>Haver\u00e1 cobran\u00e7a de taxa de inscri\u00e7\u00e3o nos valores de:<\/p>\n<p>R$ 55,00 para os cargos de n\u00edvel fundamental;<br \/>\nR$ 65,00 para os cargos de n\u00edvel m\u00e9dio;<br \/>\nR$ 85,00 para os cargos de n\u00edvel superior.<br \/>\nProvas<br \/>\nOs inscritos no concurso p\u00fablico ser\u00e3o avaliados por meio das seguintes provas:<\/p>\n<p>Objetiva, de car\u00e1ter eliminat\u00f3rio e classificat\u00f3rio, aplicada para todos os cargos, com quest\u00f5es de L\u00edngua Portuguesa, Conhecimentos Espec\u00edficos, Did\u00e1tica, Conhecimentos Espec\u00edficos da Disciplina e Inform\u00e1tica.<br \/>\nPr\u00e1tica, de car\u00e1ter eliminat\u00f3rio, aplicada para os cargos de Motorista e Operador de M\u00e1quinas Pesadas, para os candidatos aprovados na prova objetiva. Na prova Pr\u00e1tica, ser\u00e3o aferidos os conhecimentos sobre os instrumentos do painel de comando; manuten\u00e7\u00e3o do ve\u00edculo; dire\u00e7\u00e3o e opera\u00e7\u00e3o veicular, regras de transito, sinaliza\u00e7\u00e3o, legisla\u00e7\u00e3o, entre outros crit\u00e9rios.<br \/>\nA aplica\u00e7\u00e3o da Prova Objetiva est\u00e1 prevista para o dia 09 de dezembro de 2018, com locais e hor\u00e1rios a serem comunicados posteriormente.<\/p>\n<p>Validade<\/p>\n<p>O concurso Prefeitura de Pedras de Fogo \u2013 PB ter\u00e1 validade de dois anos, contados a partir da data da publica\u00e7\u00e3o de sua homologa\u00e7\u00e3o, havendo possibilidade de ser prorrogado, a crit\u00e9rio da Administra\u00e7\u00e3o P\u00fablica Municipal.<\/p>\n<p>Edital<\/p>\n<p>O edital contendo todas as informa\u00e7\u00f5es acerca do concurso, bem como suas atualiza\u00e7\u00f5es, deve ser acessado na p\u00e1gina da FACET Concursos.<\/p>\n<p>Prefeitura de S\u00e3o Jo\u00e3o do Cariri<\/p>\n<p>No Estado da Para\u00edba, est\u00e3o reabertas as inscri\u00e7\u00f5es do concurso Prefeitura de S\u00e3o Jo\u00e3o do Cariri \u2013 PB, que vai ser executado pela empresa \u00c1pice Consultoria. Conforme rege o edital normativo n\u00b0001\/2018, a oferta \u00e9 de 31 vagas para profissionais de n\u00edveis fundamental, m\u00e9dio e superior.<\/p>\n<p>A remunera\u00e7\u00e3o \u00e9 de at\u00e9 R$ 2.005,50, por jornada trabalhista de 40 horas semanais.<\/p>\n<p>Cargos<br \/>\nAgente Comunit\u00e1rio de Sa\u00fade \u2013 Micro\u00e1reas, Auxiliar de Consult\u00f3rio Dent\u00e1rio \u2013 Psf, Auxiliar de Creche, Assistente Social \u2013 Cras, Enfermeiro \u2013 Psf, Farmac\u00eautico\/ Bioqu\u00edmico, Fisioterapeuta, Fiscal de Arrecada\u00e7\u00e3o, M\u00e9dico Cl\u00ednico Geral \u2013 Psf, Motorista B, Motorista D, Nutricionista, Odont\u00f3logo \u2013 Psf, Operador de Maquinas, Psic\u00f3logo \u2013 Cras, Professor Polivalente, Professor B \u2013 Matem\u00e1tica, Professor B \u2013 Portugu\u00eas, Professor B \u2013 Ci\u00eancias, Professor B \u2013 Ingl\u00eas, Professor B \u2013 Geografia, Professor B \u2013 Hist\u00f3ria e T\u00e9cnico de Enfermagem.<\/p>\n<p>Inscri\u00e7\u00e3o<br \/>\nAs inscri\u00e7\u00f5es foram reabertas e aceitas por meio do site www.apiceconsultoria.com, at\u00e9 \u00e0s 23h59min de 30 de setembro de 2018. O valor da taxa de inscri\u00e7\u00e3o correspondente ao n\u00edvel do cargo ser\u00e1 de:<\/p>\n<p>Prepare-se: Simulados para concursos p\u00fablicos<br \/>\nN\u00edvel fundamental: R$ 73,66;<br \/>\nN\u00edvel m\u00e9dio e t\u00e9cnico: R$ 93,33;<br \/>\nN\u00edvel superior: R$ 115,00.<\/p>\n<p>Prova<br \/>\nO concurso ser\u00e1 realizado sob a responsabilidade t\u00e9cnica e operacional da empresa \u00c1pice Consultoria, composto de provas escritas, provas pr\u00e1ticas e de t\u00edtulos.<\/p>\n<p>Na data prov\u00e1vel de 14 de outubro de 2018 ser\u00e1 aplicada prova escrita em local e hor\u00e1rio a serem divulgados nos Cart\u00f5es de Inscri\u00e7\u00e3o.<\/p>\n<p>J\u00e1 a data, local e hor\u00e1rio de apresenta\u00e7\u00e3o dos candidatos convocados para realiza\u00e7\u00e3o das provas pr\u00e1ticas ser\u00e3o divulgados no edital de convoca\u00e7\u00e3o que ser\u00e1 publicado no endere\u00e7o eletr\u00f4nico www.apiceconsultoria.com.<\/p>\n<p>Validade<br \/>\nEste concurso p\u00fablico ter\u00e1 validade pelo prazo de dois anos, a contar da data da publica\u00e7\u00e3o de sua homologa\u00e7\u00e3o no Di\u00e1rio Oficial do Munic\u00edpio, podendo ser prorrogada a crit\u00e9rio da Administra\u00e7\u00e3o P\u00fablica Municipal, obedecendo ao disposto do artigo 37, incisos III e IV, da CF.<\/p>\n<p><strong>Blog do Gordinho\u00a0<\/strong><\/p>\n<p>Cariri em A\u00e7\u00e3o<\/p>\n<p>Leia mais not\u00edcias em\u00a0<a href=\"http:\/\/www.caririemacao.com\/\">caririemacao.com<\/a>, siga nossa p\u00e1gina no\u00a0<a href=\"https:\/\/www.facebook.com\/CaririEmAcao\/?ref=aymt_homepage_panel\">Facebook<\/a>,\u00a0<a href=\"https:\/\/www.instagram.com\/cariri_em_acao\/?hl=pt-br\">Instagram<\/a>\u00a0e\u00a0<a href=\"https:\/\/www.youtube.com\/channel\/UCAptA0jQuYQy8vMhLt2m4qg\">Youtube<\/a>\u00a0e veja nossas mat\u00e9rias, v\u00eddeos e fotos. Voc\u00ea tamb\u00e9m pode enviar informa\u00e7\u00f5es \u00e0 Reda\u00e7\u00e3o do Portal Cariri em A\u00e7\u00e3o pelo WhatsApp (83) 9 9634.5791, (83) 9 9601-1162.<\/p>\n","protected":false},"excerpt":{"rendered":"<p>As prefeituras de Pedras de Fogo e de S\u00e3o Jo\u00e3o do Cariri est\u00e3o oferecendo mais de 150 vagas atrav\u00e9s de concursos p\u00fablicos. Os sal\u00e1rios oferecidos&hellip; <\/p>\n","protected":false},"author":1,"featured_media":667,"comment_status":"closed","ping_status":"closed","sticky":false,"template":"","format":"standard","meta":{"sfsi_plus_gutenberg_text_before_share":"","sfsi_plus_gutenberg_show_text_before_share":"","sfsi_plus_gutenberg_icon_type":"","sfsi_plus_gutenberg_icon_alignemt":"","sfsi_plus_gutenburg_max_per_row":"","footnotes":""},"categories":[14],"tags":[],"class_list":["post-65151","post","type-post","status-publish","format-standard","has-post-thumbnail","hentry","category-educacao"],"_links":{"self":[{"href":"https:\/\/www.caririemacao.com\/1\/wp-json\/wp\/v2\/posts\/65151","targetHints":{"allow":["GET"]}}],"collection":[{"href":"https:\/\/www.caririemacao.com\/1\/wp-json\/wp\/v2\/posts"}],"about":[{"href":"https:\/\/www.caririemacao.com\/1\/wp-json\/wp\/v2\/types\/post"}],"author":[{"embeddable":true,"href":"https:\/\/www.caririemacao.com\/1\/wp-json\/wp\/v2\/users\/1"}],"replies":[{"embeddable":true,"href":"https:\/\/www.caririemacao.com\/1\/wp-json\/wp\/v2\/comments?post=65151"}],"version-history":[{"count":1,"href":"https:\/\/www.caririemacao.com\/1\/wp-json\/wp\/v2\/posts\/65151\/revisions"}],"predecessor-version":[{"id":65152,"href":"https:\/\/www.caririemacao.com\/1\/wp-json\/wp\/v2\/posts\/65151\/revisions\/65152"}],"wp:featuredmedia":[{"embeddable":true,"href":"https:\/\/www.caririemacao.com\/1\/wp-json\/wp\/v2\/media\/667"}],"wp:attachment":[{"href":"https:\/\/www.caririemacao.com\/1\/wp-json\/wp\/v2\/media?parent=65151"}],"wp:term":[{"taxonomy":"category","embeddable":true,"href":"https:\/\/www.caririemacao.com\/1\/wp-json\/wp\/v2\/categories?post=65151"},{"taxonomy":"post_tag","embeddable":true,"href":"https:\/\/www.caririemacao.com\/1\/wp-json\/wp\/v2\/tags?post=65151"}],"curies":[{"name":"wp","href":"https:\/\/api.w.org\/{rel}","templated":true}]}}