{"id":65157,"date":"2018-09-17T09:33:00","date_gmt":"2018-09-17T12:33:00","guid":{"rendered":"http:\/\/www.caririemacao.com\/1\/?p=65157"},"modified":"2018-09-17T09:33:00","modified_gmt":"2018-09-17T12:33:00","slug":"candidatos-a-governador-gravam-para-o-guia-eleitoral-e-concedem-entrevistas","status":"publish","type":"post","link":"https:\/\/www.caririemacao.com\/1\/2018\/09\/17\/candidatos-a-governador-gravam-para-o-guia-eleitoral-e-concedem-entrevistas\/","title":{"rendered":"Candidatos a governador gravam para o guia eleitoral e concedem entrevistas"},"content":{"rendered":"<p>Os candidatos a governador da Para\u00edba gravam para o guia eleitoral, concedem entrevistas e fazem caminhada nesta segunda-feira (17).<\/p>\n<p><strong>Confira as agendas de campanha:<\/strong><\/p>\n<p><strong>Jo\u00e3o Azev\u00eado (PSB)<\/strong><\/p>\n<p>Manh\u00e3 \u2013 8h30 \u2013 Grava para o guia eleitoral<\/p>\n<p>11h \u2013 Participa da festado Dia dos Comerci\u00e1rios \u2013 Local: Sesc Gravat\u00e1 \u2013 Gramame<\/p>\n<p>Tarde \u2013 17h30 \u2013 Reuni\u00e3o com o Sindicato dos Trabalhadores da Ind\u00fastria da Purifica\u00e7\u00e3o e Distribui\u00e7\u00e3o de \u00c1gua e em Servi\u00e7o de Esgotos do Estado da Para\u00edba \u2013 SINDI\u00c1GUA-PB \u2013 Local: Av. Cap. Jos\u00e9 Pessoa, 89 \u2013 Jaguaribe<\/p>\n<p>Noite \u2013 18h \u2013 Caravana pelos bairros Costa e Silva, Ernani S\u00e1tiro, Esplanada, Jo\u00e3o Paulo II, Grot\u00e3o, Funcion\u00e1rios II, III e IV<\/p>\n<p><strong>Jos\u00e9 Maranh\u00e3o (MDB)<\/strong><\/p>\n<p>Manh\u00e3 \u2013 10h \u2013 Grava programa Frente \u00e0 frente com Heron Cid, na TV Arapuan<\/p>\n<p>Tarde \u2013 13h \u2013 Entrevista na TV Correio, no programa Correio Debate<\/p>\n<p>15h \u2013 Encontro com comerci\u00e1rios de Bayeux<\/p>\n<p>Noite \u2013 19h \u2013 Sabatina no SINDUSCON<\/p>\n<p><strong>Luc\u00e9lio Cartaxo (PV)<\/strong><\/p>\n<p>Manh\u00e3 \u2013 9h \u2013 Participa do Semin\u00e1rio em Defesa da Agropecu\u00e1ria e Pesca, realizado pela Sinavez e Sinter PB<\/p>\n<p>Tarde \u2013 13h \u2013 Grava\u00e7\u00e3o de guia eleitoral<\/p>\n<p>Noite \u2013 19h \u2013 Caminhada em Bayeux<\/p>\n<p><strong>Rama Dantas (PSTU)<\/strong><\/p>\n<p>Manh\u00e3 \u2013 6h30 \u2013 Entrevista na Jovem Pan<\/p>\n<p>7h \u2013 Entrevista na TV Tamba\u00fa<\/p>\n<p>11h30 \u2013 Entrevista na r\u00e1dio Tabajara<\/p>\n<p>Tarde \u2013 Grava videos para as redes sociais<\/p>\n<p><strong>T\u00e1rcio Teixeira (PSOL)<\/strong><\/p>\n<p>Manh\u00e3: -7h \u2013 Panfletagem e minicom\u00edcio no COA (Correios)<\/p>\n<p>10h \u2013 Entrevista na CBN<\/p>\n<p>11h30 \u2013 Entrevista ao Tamba\u00fa Debate Elei\u00e7\u00f5es<\/p>\n<p>Tarde \u2013 13h \u2013 Entrevista na R\u00e1dio Correio<\/p>\n<p>16h \u2013 Panfletagem e minicom\u00edcio no Centro<\/p>\n<p>Noite \u2013 18h \u2013 Reuni\u00e3o de Coordena\u00e7\u00e3o (no SINTEENP)<\/p>\n<p>21h \u2013 Acompanha debate de senador na TV Master<\/p>\n<p>Cariri em A\u00e7\u00e3o<\/p>\n<p>Leia mais not\u00edcias em\u00a0<a href=\"http:\/\/www.caririemacao.com\/\">caririemacao.com<\/a>, siga nossa p\u00e1gina no\u00a0<a href=\"https:\/\/www.facebook.com\/CaririEmAcao\/?ref=aymt_homepage_panel\">Facebook<\/a>,\u00a0<a href=\"https:\/\/www.instagram.com\/cariri_em_acao\/?hl=pt-br\">Instagram<\/a>\u00a0e\u00a0<a href=\"https:\/\/www.youtube.com\/channel\/UCAptA0jQuYQy8vMhLt2m4qg\">Youtube<\/a>\u00a0e veja nossas mat\u00e9rias, v\u00eddeos e fotos. Voc\u00ea tamb\u00e9m pode enviar informa\u00e7\u00f5es \u00e0 Reda\u00e7\u00e3o do Portal Cariri em A\u00e7\u00e3o pelo WhatsApp (83) 9 9634.5791, (83) 9 9601-1162.<\/p>\n","protected":false},"excerpt":{"rendered":"<p>Os candidatos a governador da Para\u00edba gravam para o guia eleitoral, concedem entrevistas e fazem caminhada nesta segunda-feira (17). Confira as agendas de campanha: Jo\u00e3o&hellip; <\/p>\n","protected":false},"author":1,"featured_media":64929,"comment_status":"closed","ping_status":"closed","sticky":false,"template":"","format":"standard","meta":{"sfsi_plus_gutenberg_text_before_share":"","sfsi_plus_gutenberg_show_text_before_share":"","sfsi_plus_gutenberg_icon_type":"","sfsi_plus_gutenberg_icon_alignemt":"","sfsi_plus_gutenburg_max_per_row":"","footnotes":""},"categories":[1],"tags":[],"class_list":["post-65157","post","type-post","status-publish","format-standard","has-post-thumbnail","hentry","category-o-site"],"_links":{"self":[{"href":"https:\/\/www.caririemacao.com\/1\/wp-json\/wp\/v2\/posts\/65157","targetHints":{"allow":["GET"]}}],"collection":[{"href":"https:\/\/www.caririemacao.com\/1\/wp-json\/wp\/v2\/posts"}],"about":[{"href":"https:\/\/www.caririemacao.com\/1\/wp-json\/wp\/v2\/types\/post"}],"author":[{"embeddable":true,"href":"https:\/\/www.caririemacao.com\/1\/wp-json\/wp\/v2\/users\/1"}],"replies":[{"embeddable":true,"href":"https:\/\/www.caririemacao.com\/1\/wp-json\/wp\/v2\/comments?post=65157"}],"version-history":[{"count":1,"href":"https:\/\/www.caririemacao.com\/1\/wp-json\/wp\/v2\/posts\/65157\/revisions"}],"predecessor-version":[{"id":65158,"href":"https:\/\/www.caririemacao.com\/1\/wp-json\/wp\/v2\/posts\/65157\/revisions\/65158"}],"wp:featuredmedia":[{"embeddable":true,"href":"https:\/\/www.caririemacao.com\/1\/wp-json\/wp\/v2\/media\/64929"}],"wp:attachment":[{"href":"https:\/\/www.caririemacao.com\/1\/wp-json\/wp\/v2\/media?parent=65157"}],"wp:term":[{"taxonomy":"category","embeddable":true,"href":"https:\/\/www.caririemacao.com\/1\/wp-json\/wp\/v2\/categories?post=65157"},{"taxonomy":"post_tag","embeddable":true,"href":"https:\/\/www.caririemacao.com\/1\/wp-json\/wp\/v2\/tags?post=65157"}],"curies":[{"name":"wp","href":"https:\/\/api.w.org\/{rel}","templated":true}]}}