{"id":65165,"date":"2018-09-17T10:10:32","date_gmt":"2018-09-17T13:10:32","guid":{"rendered":"http:\/\/www.caririemacao.com\/1\/?p=65165"},"modified":"2018-09-17T13:19:44","modified_gmt":"2018-09-17T16:19:44","slug":"tragedia-jovem-morre-apos-cair-de-moto-na-zona-rural-de-monteiro","status":"publish","type":"post","link":"https:\/\/www.caririemacao.com\/1\/2018\/09\/17\/tragedia-jovem-morre-apos-cair-de-moto-na-zona-rural-de-monteiro\/","title":{"rendered":"TRAG\u00c9DIA: Jovem morre ap\u00f3s cair de moto na zona rural de Monteiro"},"content":{"rendered":"<p>Uma jovem de 21 anos morreu na noite deste s\u00e1bado (15), v\u00edtima de um tr\u00e1gico acidente de moto na zona rural de Monteiro. A jovem foi identificada com Isabela.<\/p>\n<p>Conforme informa\u00e7\u00f5es, a v\u00edtima retornava da prociss\u00e3o de Nossa Senhora da Dores com o noivo, quando no trajeto para sua resid\u00eancia, no S\u00edtio Tingui, ao passar em um quebra molas, um condutor perdeu o controle da moto e ca\u00edram.<\/p>\n<p>A jovem chegou a ser socorrida pelo Samu, mas n\u00e3o resistiu aos ferimentos e faleceu no Hospital Regional Santa Filomena.<\/p>\n<p><strong>Vitrine do Cariri\u00a0<\/strong><\/p>\n<p>Cariri em A\u00e7\u00e3o<\/p>\n<p>Leia mais not\u00edcias em\u00a0<a href=\"http:\/\/www.caririemacao.com\/\">caririemacao.com<\/a>, siga nossa p\u00e1gina no\u00a0<a href=\"https:\/\/www.facebook.com\/CaririEmAcao\/?ref=aymt_homepage_panel\">Facebook<\/a>,\u00a0<a href=\"https:\/\/www.instagram.com\/cariri_em_acao\/?hl=pt-br\">Instagram<\/a>\u00a0e\u00a0<a href=\"https:\/\/www.youtube.com\/channel\/UCAptA0jQuYQy8vMhLt2m4qg\">Youtube<\/a>\u00a0e veja nossas mat\u00e9rias, v\u00eddeos e fotos. Voc\u00ea tamb\u00e9m pode enviar informa\u00e7\u00f5es \u00e0 Reda\u00e7\u00e3o do Portal Cariri em A\u00e7\u00e3o pelo WhatsApp (83) 9 9634.5791, (83) 9 9601-1162.<\/p>\n","protected":false},"excerpt":{"rendered":"<p>Uma jovem de 21 anos morreu na noite deste s\u00e1bado (15), v\u00edtima de um tr\u00e1gico acidente de moto na zona rural de Monteiro. A jovem&hellip; <\/p>\n","protected":false},"author":1,"featured_media":18430,"comment_status":"closed","ping_status":"closed","sticky":false,"template":"","format":"standard","meta":{"sfsi_plus_gutenberg_text_before_share":"","sfsi_plus_gutenberg_show_text_before_share":"","sfsi_plus_gutenberg_icon_type":"","sfsi_plus_gutenberg_icon_alignemt":"","sfsi_plus_gutenburg_max_per_row":"","footnotes":""},"categories":[12],"tags":[],"class_list":["post-65165","post","type-post","status-publish","format-standard","has-post-thumbnail","hentry","category-policia"],"_links":{"self":[{"href":"https:\/\/www.caririemacao.com\/1\/wp-json\/wp\/v2\/posts\/65165","targetHints":{"allow":["GET"]}}],"collection":[{"href":"https:\/\/www.caririemacao.com\/1\/wp-json\/wp\/v2\/posts"}],"about":[{"href":"https:\/\/www.caririemacao.com\/1\/wp-json\/wp\/v2\/types\/post"}],"author":[{"embeddable":true,"href":"https:\/\/www.caririemacao.com\/1\/wp-json\/wp\/v2\/users\/1"}],"replies":[{"embeddable":true,"href":"https:\/\/www.caririemacao.com\/1\/wp-json\/wp\/v2\/comments?post=65165"}],"version-history":[{"count":1,"href":"https:\/\/www.caririemacao.com\/1\/wp-json\/wp\/v2\/posts\/65165\/revisions"}],"predecessor-version":[{"id":65167,"href":"https:\/\/www.caririemacao.com\/1\/wp-json\/wp\/v2\/posts\/65165\/revisions\/65167"}],"wp:featuredmedia":[{"embeddable":true,"href":"https:\/\/www.caririemacao.com\/1\/wp-json\/wp\/v2\/media\/18430"}],"wp:attachment":[{"href":"https:\/\/www.caririemacao.com\/1\/wp-json\/wp\/v2\/media?parent=65165"}],"wp:term":[{"taxonomy":"category","embeddable":true,"href":"https:\/\/www.caririemacao.com\/1\/wp-json\/wp\/v2\/categories?post=65165"},{"taxonomy":"post_tag","embeddable":true,"href":"https:\/\/www.caririemacao.com\/1\/wp-json\/wp\/v2\/tags?post=65165"}],"curies":[{"name":"wp","href":"https:\/\/api.w.org\/{rel}","templated":true}]}}