{"id":65280,"date":"2018-09-18T08:34:58","date_gmt":"2018-09-18T11:34:58","guid":{"rendered":"http:\/\/www.caririemacao.com\/1\/?p=65280"},"modified":"2018-09-18T08:34:58","modified_gmt":"2018-09-18T11:34:58","slug":"confira-as-atividades-de-campanha-dos-candidatos-ao-governo-do-estado-nesta-terca","status":"publish","type":"post","link":"https:\/\/www.caririemacao.com\/1\/2018\/09\/18\/confira-as-atividades-de-campanha-dos-candidatos-ao-governo-do-estado-nesta-terca\/","title":{"rendered":"Confira as atividades de campanha dos candidatos ao Governo do Estado nesta ter\u00e7a"},"content":{"rendered":"<p>Os candidatos ao Governo Estado cumprem mais um dia de agenda nesta ter\u00e7a-feira (18). Na programa\u00e7\u00e3o, reuni\u00f5es, grava\u00e7\u00f5es pra o guia, entrevistas e panfletagens.<\/p>\n<p><strong>Veja:<\/strong><\/p>\n<p><strong>Jo\u00e3o Azev\u00eado (PSB)<\/strong><\/p>\n<p>Manh\u00e3 \u2013 Reuni\u00e3o com coordena\u00e7\u00e3o de campanha<\/p>\n<p>Tarde \u2013 Grava para o guia eleitoral<\/p>\n<p>Noite \u2013 18h \u2013 Caravana do Trabalho pelo bairro Jardim 40 \u2013 Campina Grande<\/p>\n<div>\n<p><strong>Jos\u00e9 Maranh\u00e3o (MDB)<\/strong><\/p>\n<p>Manh\u00e3 \u2013\u00a08h \u2013 Visita Mercado P\u00fablico do Valentina<\/p>\n<p>11h \u2013 Visita Mercado P\u00fablico de Mangabeira<\/p>\n<p>Tarde \u2013 14h \u2013 Reuni\u00e3o com categorias \u2013 Local: Sede MDB<\/p>\n<p>Noite \u2013 21h \u2013 Reuni\u00e3o com coordena\u00e7\u00e3o de campanha<\/p>\n<\/div>\n<p><strong>Luc\u00e9lio Cartaxo (PV)<\/strong><\/p>\n<p>Manh\u00e3 \u2013 7h \u2013 Panfletagem 43 na Vasco da Gama com 1\u00b0 de Maio<\/p>\n<p>9h \u2013 Participa de encontro com entidades do Sistema Penitenci\u00e1rio da Para\u00edba<\/p>\n<p>11h20 \u2013 Entrevista R\u00e1dio Tabajara<\/p>\n<p>Tarde \u2013 14h \u2013 Grava guia eleitoral<\/p>\n<p>16h \u2013 Reuni\u00e3o com coordena\u00e7\u00e3o de campanha<\/p>\n<p>Noite \u2013 20h \u2013 Participa de com\u00edcio em Esperan\u00e7a<\/p>\n<p><strong>Rama Dantas (PSTU)<\/strong><\/p>\n<p>Manh\u00e3 \u2013 9h30 \u2013 Entrevista na R\u00e1dio CBN<\/p>\n<p>11h30 \u2013 Entrevista da TV Tamba\u00fa<\/p>\n<p>Tarde \u2013 13h \u2013 Entrevista na R\u00e1dio Correio<\/p>\n<p>Prepara\u00e7\u00e3o para debates<\/p>\n<p><strong>T\u00e1rcio Teixeira (PSOL)<\/strong><\/p>\n<p>Manh\u00e3 \u2013\u00a0Prepara\u00e7\u00e3o para o debate do Sintab<\/p>\n<p>9h \u2013 Sabatina no Campus I \u2013 UEPB<\/p>\n<p>Tarde \u2013\u00a014h \u2013 Debate no Sintab \u2013 Campina Grande<\/p>\n<p>Noite \u2013\u00a020h \u2013 Panfletagem e minicom\u00edcio no Campus I \u2013 UFCG<\/p>\n<div class=\"sharedaddy sd-sharing-enabled\"><strong>Blog do Gordinho\u00a0<\/strong><\/div>\n<div>\n<p>Cariri em A\u00e7\u00e3o<\/p>\n<p>Leia mais not\u00edcias em\u00a0<a href=\"http:\/\/www.caririemacao.com\/\">caririemacao.com<\/a>, siga nossa p\u00e1gina no\u00a0<a href=\"https:\/\/www.facebook.com\/CaririEmAcao\/?ref=aymt_homepage_panel\">Facebook<\/a>,\u00a0<a href=\"https:\/\/www.instagram.com\/cariri_em_acao\/?hl=pt-br\">Instagram<\/a>\u00a0e\u00a0<a href=\"https:\/\/www.youtube.com\/channel\/UCAptA0jQuYQy8vMhLt2m4qg\">Youtube<\/a>\u00a0e veja nossas mat\u00e9rias, v\u00eddeos e fotos. Voc\u00ea tamb\u00e9m pode enviar informa\u00e7\u00f5es \u00e0 Reda\u00e7\u00e3o do Portal Cariri em A\u00e7\u00e3o pelo WhatsApp (83) 9 9634.5791, (83) 9 9601-1162.<\/p>\n<\/div>\n","protected":false},"excerpt":{"rendered":"<p>Os candidatos ao Governo Estado cumprem mais um dia de agenda nesta ter\u00e7a-feira (18). Na programa\u00e7\u00e3o, reuni\u00f5es, grava\u00e7\u00f5es pra o guia, entrevistas e panfletagens. Veja:&hellip; <\/p>\n","protected":false},"author":1,"featured_media":64929,"comment_status":"closed","ping_status":"closed","sticky":false,"template":"","format":"standard","meta":{"sfsi_plus_gutenberg_text_before_share":"","sfsi_plus_gutenberg_show_text_before_share":"","sfsi_plus_gutenberg_icon_type":"","sfsi_plus_gutenberg_icon_alignemt":"","sfsi_plus_gutenburg_max_per_row":"","footnotes":""},"categories":[1],"tags":[],"class_list":["post-65280","post","type-post","status-publish","format-standard","has-post-thumbnail","hentry","category-o-site"],"_links":{"self":[{"href":"https:\/\/www.caririemacao.com\/1\/wp-json\/wp\/v2\/posts\/65280","targetHints":{"allow":["GET"]}}],"collection":[{"href":"https:\/\/www.caririemacao.com\/1\/wp-json\/wp\/v2\/posts"}],"about":[{"href":"https:\/\/www.caririemacao.com\/1\/wp-json\/wp\/v2\/types\/post"}],"author":[{"embeddable":true,"href":"https:\/\/www.caririemacao.com\/1\/wp-json\/wp\/v2\/users\/1"}],"replies":[{"embeddable":true,"href":"https:\/\/www.caririemacao.com\/1\/wp-json\/wp\/v2\/comments?post=65280"}],"version-history":[{"count":1,"href":"https:\/\/www.caririemacao.com\/1\/wp-json\/wp\/v2\/posts\/65280\/revisions"}],"predecessor-version":[{"id":65281,"href":"https:\/\/www.caririemacao.com\/1\/wp-json\/wp\/v2\/posts\/65280\/revisions\/65281"}],"wp:featuredmedia":[{"embeddable":true,"href":"https:\/\/www.caririemacao.com\/1\/wp-json\/wp\/v2\/media\/64929"}],"wp:attachment":[{"href":"https:\/\/www.caririemacao.com\/1\/wp-json\/wp\/v2\/media?parent=65280"}],"wp:term":[{"taxonomy":"category","embeddable":true,"href":"https:\/\/www.caririemacao.com\/1\/wp-json\/wp\/v2\/categories?post=65280"},{"taxonomy":"post_tag","embeddable":true,"href":"https:\/\/www.caririemacao.com\/1\/wp-json\/wp\/v2\/tags?post=65280"}],"curies":[{"name":"wp","href":"https:\/\/api.w.org\/{rel}","templated":true}]}}