{"id":65282,"date":"2018-09-18T09:03:39","date_gmt":"2018-09-18T12:03:39","guid":{"rendered":"http:\/\/www.caririemacao.com\/1\/?p=65282"},"modified":"2018-09-18T09:03:39","modified_gmt":"2018-09-18T12:03:39","slug":"pardal-recebeu-quase-300-denuncias-na-pb","status":"publish","type":"post","link":"https:\/\/www.caririemacao.com\/1\/2018\/09\/18\/pardal-recebeu-quase-300-denuncias-na-pb\/","title":{"rendered":"\u2018Pardal\u2019 recebeu quase 300 den\u00fancias na PB"},"content":{"rendered":"<p>O Tribunal Regional Eleitoral recebeu at\u00e9 o final da tarde desta segunda-feira (17) 295 den\u00fancias atrav\u00e9s do aplicativo \u2018Pardal\u2019, ferramenta disponibilizada para \u00e0 popula\u00e7\u00e3o possa denunciar crimes eleitorais.<\/p>\n<p>De acordo com as estat\u00edsticas do TRE, a maioria dos casos \u00e9 por propaganda eleitoral irregular.\u00a0Jo\u00e3o Pessoa e Campina Grande foram as cidades que mais receberam den\u00fancias atrav\u00e9s da ferramenta, ambas com 61 casos.<\/p>\n<p>O Pardal pode ser utilizado para noticiar diversos tipos de infra\u00e7\u00f5es eleitorais, como as relativas \u00e0 propaganda eleitoral, compra de votos, uso da m\u00e1quina p\u00fablica, crimes eleitorais e doa\u00e7\u00f5es e gastos eleitorais. Al\u00e9m do aplicativo m\u00f3vel, o Pardal tem uma interface web, que ser\u00e1 disponibilizada nos sites dos Tribunais Regionais Eleitorais (TREs) para envio e acompanhamento das not\u00edcias de irregularidades.<\/p>\n<p>Nas den\u00fancias feitas por meio do Pardal, dever\u00e3o constar, obrigatoriamente, o nome e o CPF do cidad\u00e3o que as encaminhou, al\u00e9m de elementos que indiquem a exist\u00eancia do fato, como v\u00eddeos, fotos ou \u00e1udios. A autoridade respons\u00e1vel por apurar a not\u00edcia de infra\u00e7\u00e3o poder\u00e1 manter em sigilo as informa\u00e7\u00f5es do denunciante, a fim de garantir sua seguran\u00e7a.<\/p>\n<p>A nova vers\u00e3o apresenta as mesmas funcionalidades da anterior (2016), com algumas melhorias: reformula\u00e7\u00e3o da infraestrutura e atualiza\u00e7\u00f5es tecnol\u00f3gicas para aperfei\u00e7oamento da performance do programa; possibilidade de registrar den\u00fancias tamb\u00e9m contra partido e coliga\u00e7\u00e3o; e aprimoramentos do sistema de triagem das den\u00fancias, a fim de facilitar o trabalho de apura\u00e7\u00e3o por parte dos TREs e do Minist\u00e9rio P\u00fablico Eleitoral (MPE).<\/p>\n<p><strong>MaisPB\u00a0<\/strong><\/p>\n<p>Cariri em A\u00e7\u00e3o<\/p>\n<p>Leia mais not\u00edcias em\u00a0<a href=\"http:\/\/www.caririemacao.com\/\">caririemacao.com<\/a>, siga nossa p\u00e1gina no\u00a0<a href=\"https:\/\/www.facebook.com\/CaririEmAcao\/?ref=aymt_homepage_panel\">Facebook<\/a>,\u00a0<a href=\"https:\/\/www.instagram.com\/cariri_em_acao\/?hl=pt-br\">Instagram<\/a>\u00a0e\u00a0<a href=\"https:\/\/www.youtube.com\/channel\/UCAptA0jQuYQy8vMhLt2m4qg\">Youtube<\/a>\u00a0e veja nossas mat\u00e9rias, v\u00eddeos e fotos. Voc\u00ea tamb\u00e9m pode enviar informa\u00e7\u00f5es \u00e0 Reda\u00e7\u00e3o do Portal Cariri em A\u00e7\u00e3o pelo WhatsApp (83) 9 9634.5791, (83) 9 9601-1162.<\/p>\n","protected":false},"excerpt":{"rendered":"<p>O Tribunal Regional Eleitoral recebeu at\u00e9 o final da tarde desta segunda-feira (17) 295 den\u00fancias atrav\u00e9s do aplicativo \u2018Pardal\u2019, ferramenta disponibilizada para \u00e0 popula\u00e7\u00e3o possa&hellip; <\/p>\n","protected":false},"author":1,"featured_media":65283,"comment_status":"closed","ping_status":"closed","sticky":false,"template":"","format":"standard","meta":{"sfsi_plus_gutenberg_text_before_share":"","sfsi_plus_gutenberg_show_text_before_share":"","sfsi_plus_gutenberg_icon_type":"","sfsi_plus_gutenberg_icon_alignemt":"","sfsi_plus_gutenburg_max_per_row":"","footnotes":""},"categories":[11],"tags":[],"class_list":["post-65282","post","type-post","status-publish","format-standard","has-post-thumbnail","hentry","category-politica"],"_links":{"self":[{"href":"https:\/\/www.caririemacao.com\/1\/wp-json\/wp\/v2\/posts\/65282","targetHints":{"allow":["GET"]}}],"collection":[{"href":"https:\/\/www.caririemacao.com\/1\/wp-json\/wp\/v2\/posts"}],"about":[{"href":"https:\/\/www.caririemacao.com\/1\/wp-json\/wp\/v2\/types\/post"}],"author":[{"embeddable":true,"href":"https:\/\/www.caririemacao.com\/1\/wp-json\/wp\/v2\/users\/1"}],"replies":[{"embeddable":true,"href":"https:\/\/www.caririemacao.com\/1\/wp-json\/wp\/v2\/comments?post=65282"}],"version-history":[{"count":1,"href":"https:\/\/www.caririemacao.com\/1\/wp-json\/wp\/v2\/posts\/65282\/revisions"}],"predecessor-version":[{"id":65284,"href":"https:\/\/www.caririemacao.com\/1\/wp-json\/wp\/v2\/posts\/65282\/revisions\/65284"}],"wp:featuredmedia":[{"embeddable":true,"href":"https:\/\/www.caririemacao.com\/1\/wp-json\/wp\/v2\/media\/65283"}],"wp:attachment":[{"href":"https:\/\/www.caririemacao.com\/1\/wp-json\/wp\/v2\/media?parent=65282"}],"wp:term":[{"taxonomy":"category","embeddable":true,"href":"https:\/\/www.caririemacao.com\/1\/wp-json\/wp\/v2\/categories?post=65282"},{"taxonomy":"post_tag","embeddable":true,"href":"https:\/\/www.caririemacao.com\/1\/wp-json\/wp\/v2\/tags?post=65282"}],"curies":[{"name":"wp","href":"https:\/\/api.w.org\/{rel}","templated":true}]}}