{"id":65285,"date":"2018-09-18T11:08:39","date_gmt":"2018-09-18T14:08:39","guid":{"rendered":"http:\/\/www.caririemacao.com\/1\/?p=65285"},"modified":"2018-09-18T11:10:31","modified_gmt":"2018-09-18T14:10:31","slug":"vereador-rompe-com-oposicao-cordeirense-e-declara-apoio-ao-prefeito-jeferson-roberto","status":"publish","type":"post","link":"https:\/\/www.caririemacao.com\/1\/2018\/09\/18\/vereador-rompe-com-oposicao-cordeirense-e-declara-apoio-ao-prefeito-jeferson-roberto\/","title":{"rendered":"Vereador rompe com oposi\u00e7\u00e3o cordeirense e declara apoio ao prefeito Jeferson Roberto"},"content":{"rendered":"<p>O vereador de S\u00e3o Jos\u00e9 dos Cordeiros, Ni\u00e9dson Jos\u00e9 Brito Siqueira, eleito nas elei\u00e7\u00f5es de 2016 pelo grupo de oposi\u00e7\u00e3o, durante a sess\u00e3o na C\u00e2mara de Vereadores de S\u00e3o Jos\u00e9 dos Cordeiros, realizada na manh\u00e3 desta ter\u00e7a-feira, dia 18, leu uma Carta aberta aos cordeirenses falando de suas a\u00e7\u00f5es de do rompimento com o grupo de oposi\u00e7\u00e3o.<\/p>\n<p>Na carta, Ni\u00e9dson destacou seu esfor\u00e7o em fazer um mandato diferente e por ser diferente \u00e9 que a partir agora iria fazer parte do grupo do atual prefeito Jeferson Roberto.<\/p>\n<p>Ainda na Carta, o parlamentar declarou apoio ao candidato a governador Jo\u00e3o Azevedo e ao deputado Trocoli J\u00fanior.<\/p>\n<p>Veja abaixo, a carta na integra lida pelo parlamentar.<\/p>\n<p><strong>CARTA ABERTA AOS CORDEIRENSES!<\/strong><\/p>\n<p><em>Chegamos aos 20 meses de mandato. Olho pra tr\u00e1s e vejo o quanto avan\u00e7amos em importantes temas sociais. Com muita coragem fizemos do di\u00e1logo um forte instrumento na implementa\u00e7\u00e3o de Pol\u00edticas P\u00fablicas. <\/em><\/p>\n<p><em>Ao longo desses 20 meses, implementamos 8 programas sociais voltados ao fortalecimento da renda familiar; contribu\u00edmos e vamos contribuir ainda mais com os sonhos dos jovens que buscam uma qualifica\u00e7\u00e3o no mercado de trabalho.<\/em><\/p>\n<p><em>Estamos avan\u00e7ando no programa de assist\u00eancia as fam\u00edlias de baixa renda, onde ao t\u00e9rmino do mandato estaremos apoiando mais de 50 fam\u00edlias. Nessa caminhada encontrei importantes parceiros como o PAP, o CEC, o Deputado Tr\u00f3colli Junior, que tanto t\u00eam me ajudado com exames, cirurgias e interna\u00e7\u00f5es. <\/em><\/p>\n<p><em>A gente s\u00f3 sabe o valor de um amigo nas horas dif\u00edceis. Como retribui\u00e7\u00e3o a esse amigo e atendendo o seu pedido, informo a todos que o meu candidato a governador \u00e9 Jo\u00e3o Azevedo. Ricardo tem sido um importante parceiro e acredito que Jo\u00e3o dar\u00e1 continuidade a esse trabalho.<\/em><\/p>\n<p><em>Tamb\u00e9m no dia de hoje tenho a necessidade de comunicar a essa casa, que estou saindo da oposi\u00e7\u00e3o do munic\u00edpio e a partir de hoje fa\u00e7o parte da atual gest\u00e3o municipal. Essa decis\u00e3o j\u00e1 vem sido refletida h\u00e1 meses.<\/em><\/p>\n<p><em>Estou insatisfeito com o tratamento que estou tendo pelo grupo de oposi\u00e7\u00e3o. N\u00e3o vou me aprofundar em rela\u00e7\u00e3o as minhas insatisfa\u00e7\u00f5es. Tenho prestado um relevante servi\u00e7o ao munic\u00edpio e a forma como fa\u00e7o Pol\u00edtica \u00e9 respeitando todo mundo.<\/em><\/p>\n<p><em>Desde o in\u00edcio do meu mandato tenho buscado o di\u00e1logo com a gest\u00e3o. N\u00e3o visando benef\u00edcio pr\u00f3prio, mas buscando o entendimento diante das necessidades da popula\u00e7\u00e3o.<\/em><\/p>\n<p><em>Fiz at\u00e9 hoje uma oposi\u00e7\u00e3o com dec\u00eancia; tenho importantes a\u00e7\u00f5es sociais, nunca vistas antes no munic\u00edpio. Com muito respeito e \u00e9tica estou comunicando nesse momento a minha sa\u00edda da oposi\u00e7\u00e3o em um momento decisivo para o munic\u00edpio. <\/em><\/p>\n<p><em>As minhas insatisfa\u00e7\u00f5es no campo da oposi\u00e7\u00e3o ser\u00e3o preservadas, \u00e9 algo particular que n\u00e3o vale a pena ser exposto.\u00a0 Entendo que tudo que aconteceu que me levou a tomar tal decis\u00e3o me servir\u00e1 se experi\u00eancia. Deixo bem claro que<\/em><\/p>\n<p><em>Combato o oportunismo e a politicagem; entendo que hoje represento toda uma sociedade e n\u00e3o uma parte dela. N\u00e3o admito a falta de respeito; entendo que na pol\u00edtica temos que ter objetividade nas nossas a\u00e7\u00f5es.<\/em><\/p>\n<p><em>Desde a minha posse eu tenho colocado o meu mandato a disposi\u00e7\u00e3o da sociedade; tenho tentado atender dentro da normalidade as demandas e as necessidades da popula\u00e7\u00e3o.<\/em><\/p>\n<p><em>Pra mim, n\u00e3o existe essa de priorizar A ou B, o meu compromisso \u00e9 com todos!<\/em><\/p>\n<p><em>Os votos que recebi no \u00faltimo pleito eleitoral representa um projeto, onde cada eleitor contribuiu com o seu voto. Muitos vestiram a camisa e com muita humildade reconhe\u00e7o o papel de cada um nesse processo. Sempre estarei pronto para atender a esses amigos, independente de pol\u00edtica. <\/em><\/p>\n<p><em>N\u00e3o posso como alguns queriam, priorizar as ajudas; hoje tenho despesas com os projetos sociais; s\u00e3o trabalhos importantes que tiro do pr\u00f3prio bolso para fazer acontecer. Mantenho o aluguel de um pr\u00e9dio que est\u00e1 dispon\u00edvel a popula\u00e7\u00e3o de baixa renda, todos os meses, atendo a popula\u00e7\u00e3o com exames e medicamentos; tenho um cronograma de a\u00e7\u00f5es sociais ao longo do ano; mantenho visitas as associa\u00e7\u00f5es, tenho implantado importantes parcerias para o avan\u00e7o da educa\u00e7\u00e3o do munic\u00edpio.<\/em><\/p>\n<p><em>S\u00e3o a\u00e7\u00f5es concretas e cont\u00ednuas que eu acredito que esteja dentro do nosso projeto inicial. O sentimento que tenho hoje \u00e9 que se eu n\u00e3o rezo a cartilha da velha pol\u00edtica, ent\u00e3o tenho que cair fora. E eu estou saindo com a mesma dignidade que entrei. Mas com uma grande diferen\u00e7a, vou sair da oposi\u00e7\u00e3o com servi\u00e7os prestados, onde o meu trabalho me dar o direito de entrar com dignidade na casa de um cordeirense sem medo de ser questionado, porque eu fiz e estou fazendo e isso \u00e9 fato que ningu\u00e9m pode ofuscar!<\/em><\/p>\n<p><strong>Ni\u00e9dson Jos\u00e9 Brito Siqueira<\/strong><\/p>\n<p>Vereador de S\u00e3o Jos\u00e9 dos Cordeiros<\/p>\n","protected":false},"excerpt":{"rendered":"<p>O vereador de S\u00e3o Jos\u00e9 dos Cordeiros, Ni\u00e9dson Jos\u00e9 Brito Siqueira, eleito nas elei\u00e7\u00f5es de 2016 pelo grupo de oposi\u00e7\u00e3o, durante a sess\u00e3o na C\u00e2mara&hellip; <\/p>\n","protected":false},"author":2,"featured_media":64302,"comment_status":"closed","ping_status":"closed","sticky":false,"template":"","format":"standard","meta":{"sfsi_plus_gutenberg_text_before_share":"","sfsi_plus_gutenberg_show_text_before_share":"","sfsi_plus_gutenberg_icon_type":"","sfsi_plus_gutenberg_icon_alignemt":"","sfsi_plus_gutenburg_max_per_row":"","footnotes":""},"categories":[11],"tags":[],"class_list":["post-65285","post","type-post","status-publish","format-standard","has-post-thumbnail","hentry","category-politica"],"_links":{"self":[{"href":"https:\/\/www.caririemacao.com\/1\/wp-json\/wp\/v2\/posts\/65285","targetHints":{"allow":["GET"]}}],"collection":[{"href":"https:\/\/www.caririemacao.com\/1\/wp-json\/wp\/v2\/posts"}],"about":[{"href":"https:\/\/www.caririemacao.com\/1\/wp-json\/wp\/v2\/types\/post"}],"author":[{"embeddable":true,"href":"https:\/\/www.caririemacao.com\/1\/wp-json\/wp\/v2\/users\/2"}],"replies":[{"embeddable":true,"href":"https:\/\/www.caririemacao.com\/1\/wp-json\/wp\/v2\/comments?post=65285"}],"version-history":[{"count":5,"href":"https:\/\/www.caririemacao.com\/1\/wp-json\/wp\/v2\/posts\/65285\/revisions"}],"predecessor-version":[{"id":65290,"href":"https:\/\/www.caririemacao.com\/1\/wp-json\/wp\/v2\/posts\/65285\/revisions\/65290"}],"wp:featuredmedia":[{"embeddable":true,"href":"https:\/\/www.caririemacao.com\/1\/wp-json\/wp\/v2\/media\/64302"}],"wp:attachment":[{"href":"https:\/\/www.caririemacao.com\/1\/wp-json\/wp\/v2\/media?parent=65285"}],"wp:term":[{"taxonomy":"category","embeddable":true,"href":"https:\/\/www.caririemacao.com\/1\/wp-json\/wp\/v2\/categories?post=65285"},{"taxonomy":"post_tag","embeddable":true,"href":"https:\/\/www.caririemacao.com\/1\/wp-json\/wp\/v2\/tags?post=65285"}],"curies":[{"name":"wp","href":"https:\/\/api.w.org\/{rel}","templated":true}]}}