{"id":65291,"date":"2018-09-18T13:35:21","date_gmt":"2018-09-18T16:35:21","guid":{"rendered":"http:\/\/www.caririemacao.com\/1\/?p=65291"},"modified":"2018-09-18T13:35:21","modified_gmt":"2018-09-18T16:35:21","slug":"moradores-da-zona-rural-de-sume-aprovam-gestao-do-prefeito-eden-duarte","status":"publish","type":"post","link":"https:\/\/www.caririemacao.com\/1\/2018\/09\/18\/moradores-da-zona-rural-de-sume-aprovam-gestao-do-prefeito-eden-duarte\/","title":{"rendered":"Moradores da Zona Rural de Sum\u00e9 aprovam gest\u00e3o do prefeito \u00c9den Duarte"},"content":{"rendered":"<p>Por meio de enquete realizada pelo programa \u201cGovernando com Voc\u00ea\u2019, na r\u00e1dio 95fm, moradores da zona rural do munic\u00edpio opinaram sobre a administra\u00e7\u00e3o do Prefeito Eden Duarte. Os depoimentos foram coletados, numa segunda-feira (10\/9), dia em que acontece a feira livre da cidade, e que h\u00e1, portanto, maior fluxo desse p\u00fablico, principalmente, no mercado municipal e imedia\u00e7\u00f5es. A maioria dos entrevistados ouvidos pela reportagem do programa em quest\u00e3o avaliou a gest\u00e3o municipal, de forma positiva.<\/p>\n<p><strong>Voz do povo<\/strong><\/p>\n<p>Ideozu\u00edta, moradora do s\u00edtio Jurema, por exemplo, disse que \u201ca administra\u00e7\u00e3o do prefeito Eden est\u00e1 boa, principalmente na sa\u00fade \u2014 \u00e1rea em que ela atua (sic). \u201cPosso falar da sa\u00fade, na Jurema tem uma m\u00e9dica muito boa, o pessoal l\u00e1 gosta muito dela, s\u00f3 falta agora um dentista\u201d.<\/p>\n<p>Sobre a possibilidade de levar um dentista para essa comunidade rural, como sinalizou a moradora em quest\u00e3o, o coordenador odontol\u00f3gico de Sum\u00e9, F\u00e1bio Paulino disse que esse pleito j\u00e1 est\u00e1 sendo analisado junto a equipe de sa\u00fade do munic\u00edpio.<\/p>\n<p>O presidente da associa\u00e7\u00e3o agroecol\u00f3gica de Sum\u00e9, e morador do S\u00edtio Pitombeira, Z\u00e9 Maria, destacou o compromisso da gest\u00e3o municipal na zona rural. \u201cEu como presidente de associa\u00e7\u00e3o, vejo que o prefeito Eden tem um olhar voltado para o homem do campo. Ele tem dado muita aten\u00e7\u00e3o a zona rural. Agora, mesmo, continuou, Z\u00e9, temos o projeto do Procase \u2013 programa do governo do estado em parceria com a prefeitura municipal, por meio do qual j\u00e1 foi implantado um catavento, um po\u00e7o e um kit para plantar 6 mil raquetes de palmas. Isso vai beneficiar os moradores daquela localidade\u201d, afirmou.<\/p>\n<p>Para Vilma, tamb\u00e9m do s\u00edtio Pitombeira, o governo Eden est\u00e1 indo muito bem. \u201cEstou achando bem satisfat\u00f3rio. N\u00e3o tenho do que reclamar. Essa cobertura aqui da feira agroecol\u00f3gica, local onde vendemos nossos produtos org\u00e2nicos, ficou bem melhor, a gente tem mais prote\u00e7\u00e3o. Foi uma promessa de campanha que o prefeito cumpriu\u201d. Vilma ainda destacou outras a\u00e7\u00f5es que ser\u00e3o realizadas na Pitombeira. \u201cO projeto \u00e1gua doce (\u00e1gua de qualidade para o consumo humano com cuidados t\u00e9cnicos, uma parceria entre os governos federal, estadual e municipal) est\u00e1 indo pra l\u00e1, para Pitombeira e vai beneficiar muita gente\u201d, disse.<\/p>\n<p>A popular dona Alice avaliou de forma positiva a administra\u00e7\u00e3o municipal e destacou a ida do prefeito Eden a associa\u00e7\u00e3o comunit\u00e1ria no S\u00edtio V\u00e1rzea, onde ela mora. \u201d\u00c0s vezes, ele vai l\u00e1 na associa\u00e7\u00e3o. Se n\u00e3o vai muito, deve ser por falta de tempo, n\u00e9?, mas sempre que pode ele vai\u201d.<\/p>\n<p>Para o prefeito de Sum\u00e9 Eden Duarte, o reflexo dessa sua boa aceita\u00e7\u00e3o junto a comunidade rural do munic\u00edpio, em grande medida, se deve tamb\u00e9m ao fato dele incentivar esse di\u00e1logo constante entre os v\u00e1rios setores da sociedade civil organizada.<\/p>\n<p>\u201cSempre fa\u00e7o quest\u00e3o de participar das reuni\u00f5es das associa\u00e7\u00f5es comunit\u00e1rias para discutir os problemas locais de forma coletiva. Como o munic\u00edpio \u00e9 muito grande, disse, e eu n\u00e3o tenho condi\u00e7\u00f5es de ir de casa em casa, ent\u00e3o eu prestigio a associa\u00e7\u00e3o, com esse sentimento comunit\u00e1rio. \u00c9 uma maneira tamb\u00e9m de fortalecer esse v\u00ednculo entre o governo e a popula\u00e7\u00e3o local. Eu gosto de ir discutir nesses espa\u00e7os p\u00fablicos por que, l\u00e1, todo mundo da sua opini\u00e3o, coloca o seu ponto de vista e a gente elege prioridades at\u00e9 conseguir uma melhor solu\u00e7\u00e3o em conjunto\u201d, argumentou o gestor sumeense.<\/p>\n<p>S\u00f4nia, moradora do S\u00edtio Riacho da Ro\u00e7a tamb\u00e9m aprova a gest\u00e3o do prefeito Eden Duarte. \u201cEst\u00e1 muito boa, n\u00e3o tenho do que reclamar. Quando a gente precisa, ele sempre nos atende. Essa semana mesmo, tivemos problemas no catavento, acionamos a prefeitura, e logo o caso foi resolvido\u201d, informou.<\/p>\n<p>L\u00facia, do S\u00edtio Porteira, foi a \u00fanica da enquete que n\u00e3o aprova a administra\u00e7\u00e3o municipal. \u201cL\u00e1 mesmo no s\u00edtio, a prefeitura n\u00e3o tem feito muita coisa . Perguntada qual nota a gest\u00e3o municipal mereceria, ela n\u00e3o soube precisar. \u201cMeu filho, eu nem sei lhe dizer, viu\u201d, finalizou.<\/p>\n<p>Sobre essa quest\u00e3o, o engenheiro agr\u00f4nomo de Sum\u00e9, Romero Soares informou que a comunidade do S\u00edtio Porteiras e regi\u00e3o s\u00e3o beneficiadas com as demandas da pasta de desenvolvimento e meio ambiente, a exemplo do projeto \u00e1gua doce que est\u00e1 em andamento no munic\u00edpio, conserto de po\u00e7os, ilumina\u00e7\u00e3o p\u00fablica, confec\u00e7\u00f5es de cacimba, corte de terras, estradas entre outras. \u201cToda comunidade rural de Sum\u00e9 \u00e9 beneficiada com essas a\u00e7\u00f5es, n\u00e3o fazemos distin\u00e7\u00e3o com A ou B\u201d, alegou Romero.<\/p>\n<p>Maria Jos\u00e9 do S\u00edtio concei\u00e7\u00e3o avaliou a administra\u00e7\u00e3o do prefeito Eden de forma positiva e se disse surpresa com o desempenho dele \u00e0 frente da gest\u00e3o municipal. \u201cFalar a verdade, eu n\u00e3o acreditava que algu\u00e9m pudesse fazer por Sum\u00e9 o que Dr Neto fez, e Eden est\u00e1 mostrando que \u00e9 capaz. Eu estou aprovando. L\u00e1, na Concei\u00e7\u00e3o, mesmo, tem uma m\u00e9dica que \u00e9 muito boa, e a educa\u00e7\u00e3o tamb\u00e9m, eu gosto muito. Eu mesma voltei a estudar no programa de jovens e adultos \u00e0 noite, \u00e9 uma escola muito boa. Estou gostando muito. Como n\u00e3o tive a oportunidade de estudar quando era mais nova, ent\u00e3o, agora, chegou a vez\u201d, disse a popular.<\/p>\n<p>O prefeito Eden Duarte, ao ouvir esses depoimentos, durante o programa semanal da prefeitura de Sum\u00e9, falou que esses testemunhos da popula\u00e7\u00e3o rural sumeense s\u00f3 aumentava a sua responsabilidade. \u201cQuando voc\u00ea escuta esses depoimentos, aumenta nossa responsabilidade e do nosso grupo para que possamos construir, trabalhar juntos, mais fortemente em prol do desenvolvimento de nosso munic\u00edpio, dando respostas r\u00e1pidas a nossa popula\u00e7\u00e3o. Dessa forma, continuou Eden, olhamos no rosto das pessoas de cabe\u00e7a erguida por que queremos ouvir as demandas sociais. E o que me for apresentado, levamos para a equipe de governo e procuramos solucionar e conversar com o cidad\u00e3o. \u00c9 a nossa obriga\u00e7\u00e3o\u201d, informou.<\/p>\n<p>O prefeito Eden falou ainda que o governo est\u00e1 em constante movimento na busca por melhorias coletivas. \u201cN\u00e3o podemos estagnar, temos que avan\u00e7ar sempre e buscar mais, pensar l\u00e1 na frente por que as pessoas est\u00e3o tendo a percep\u00e7\u00e3o de que o governo est\u00e1 atendendo as demandas, isso \u00e9 um combust\u00edvel para fazermos muito mais pelos nossos mun\u00edcipes, finalizou.<\/p>\n<p><strong>Ascom<\/strong><\/p>\n<p>Cariri em A\u00e7\u00e3o<\/p>\n<p>Leia mais not\u00edcias em\u00a0<a href=\"http:\/\/www.caririemacao.com\/\">caririemacao.com<\/a>, siga nossa p\u00e1gina no\u00a0<a href=\"https:\/\/www.facebook.com\/CaririEmAcao\/?ref=aymt_homepage_panel\">Facebook<\/a>,\u00a0<a href=\"https:\/\/www.instagram.com\/cariri_em_acao\/?hl=pt-br\">Instagram<\/a>\u00a0e\u00a0<a href=\"https:\/\/www.youtube.com\/channel\/UCAptA0jQuYQy8vMhLt2m4qg\">Youtube<\/a>\u00a0e veja nossas mat\u00e9rias, v\u00eddeos e fotos. Voc\u00ea tamb\u00e9m pode enviar informa\u00e7\u00f5es \u00e0 Reda\u00e7\u00e3o do Portal Cariri em A\u00e7\u00e3o pelo WhatsApp (83) 9 9634.5791, (83) 9 9601-1162.<\/p>\n","protected":false},"excerpt":{"rendered":"<p>Por meio de enquete realizada pelo programa \u201cGovernando com Voc\u00ea\u2019, na r\u00e1dio 95fm, moradores da zona rural do munic\u00edpio opinaram sobre a administra\u00e7\u00e3o do Prefeito&hellip; <\/p>\n","protected":false},"author":1,"featured_media":37102,"comment_status":"closed","ping_status":"closed","sticky":false,"template":"","format":"standard","meta":{"sfsi_plus_gutenberg_text_before_share":"","sfsi_plus_gutenberg_show_text_before_share":"","sfsi_plus_gutenberg_icon_type":"","sfsi_plus_gutenberg_icon_alignemt":"","sfsi_plus_gutenburg_max_per_row":"","footnotes":""},"categories":[6],"tags":[],"class_list":["post-65291","post","type-post","status-publish","format-standard","has-post-thumbnail","hentry","category-cidades"],"_links":{"self":[{"href":"https:\/\/www.caririemacao.com\/1\/wp-json\/wp\/v2\/posts\/65291","targetHints":{"allow":["GET"]}}],"collection":[{"href":"https:\/\/www.caririemacao.com\/1\/wp-json\/wp\/v2\/posts"}],"about":[{"href":"https:\/\/www.caririemacao.com\/1\/wp-json\/wp\/v2\/types\/post"}],"author":[{"embeddable":true,"href":"https:\/\/www.caririemacao.com\/1\/wp-json\/wp\/v2\/users\/1"}],"replies":[{"embeddable":true,"href":"https:\/\/www.caririemacao.com\/1\/wp-json\/wp\/v2\/comments?post=65291"}],"version-history":[{"count":1,"href":"https:\/\/www.caririemacao.com\/1\/wp-json\/wp\/v2\/posts\/65291\/revisions"}],"predecessor-version":[{"id":65292,"href":"https:\/\/www.caririemacao.com\/1\/wp-json\/wp\/v2\/posts\/65291\/revisions\/65292"}],"wp:featuredmedia":[{"embeddable":true,"href":"https:\/\/www.caririemacao.com\/1\/wp-json\/wp\/v2\/media\/37102"}],"wp:attachment":[{"href":"https:\/\/www.caririemacao.com\/1\/wp-json\/wp\/v2\/media?parent=65291"}],"wp:term":[{"taxonomy":"category","embeddable":true,"href":"https:\/\/www.caririemacao.com\/1\/wp-json\/wp\/v2\/categories?post=65291"},{"taxonomy":"post_tag","embeddable":true,"href":"https:\/\/www.caririemacao.com\/1\/wp-json\/wp\/v2\/tags?post=65291"}],"curies":[{"name":"wp","href":"https:\/\/api.w.org\/{rel}","templated":true}]}}