{"id":65293,"date":"2018-09-18T13:39:34","date_gmt":"2018-09-18T16:39:34","guid":{"rendered":"http:\/\/www.caririemacao.com\/1\/?p=65293"},"modified":"2018-09-18T13:39:34","modified_gmt":"2018-09-18T16:39:34","slug":"cai-o-numero-de-vasectomias-feitas-pelo-sus-na-pb-e-urologista-explica-o-motivo","status":"publish","type":"post","link":"https:\/\/www.caririemacao.com\/1\/2018\/09\/18\/cai-o-numero-de-vasectomias-feitas-pelo-sus-na-pb-e-urologista-explica-o-motivo\/","title":{"rendered":"Cai o n\u00famero de vasectomias feitas pelo SUS na PB e urologista explica o motivo"},"content":{"rendered":"<p><a href=\"http:\/\/caririemdestaque.com\/cd\/wp-content\/uploads\/2018\/09\/Homem-m%C3%A9dico-768x511.jpg\"><img fetchpriority=\"high\" decoding=\"async\" class=\"alignnone size-full wp-image-12783\" src=\"http:\/\/caririemdestaque.com\/cd\/wp-content\/uploads\/2018\/09\/Homem-m%C3%A9dico-768x511.jpg\" sizes=\"(max-width: 768px) 100vw, 768px\" srcset=\"http:\/\/caririemdestaque.com\/cd\/wp-content\/uploads\/2018\/09\/Homem-m\u00e9dico-768x511.jpg 768w, http:\/\/caririemdestaque.com\/cd\/wp-content\/uploads\/2018\/09\/Homem-m\u00e9dico-768x511-300x200.jpg 300w, http:\/\/caririemdestaque.com\/cd\/wp-content\/uploads\/2018\/09\/Homem-m\u00e9dico-768x511-480x320.jpg 480w\" alt=\"\" width=\"768\" height=\"511\" \/><\/a><\/p>\n<p>A cada um dia e meio um paraibano se submete \u00e0 vasectomia pelo Sistema \u00danico de Sa\u00fade (SUS) na Para\u00edba. O procedimento est\u00e1 entre os m\u00e9todos contraceptivos dispon\u00edveis pelo SUS, mas o planejamento familiar ainda parece ser uma iniciativa da mulher e um tabu entre os homens. O ano passado, por exemplo, foi o de menor ades\u00e3o masculina entre os candidatos vi\u00e1veis (homens com mais de 25 anos ou com dois filhos vivos) comparando os dados dos \u00faltimos 10 anos.<\/p>\n<p>Foram realizadas apenas 203 vasectomias no Estado em contraste com as 735 laqueaduras tub\u00e1rias realizadas nelas. Foi o menor n\u00famero de vasectomias desde 2009, quando 207 homens passaram pela esteriliza\u00e7\u00e3o.<\/p>\n<p>Para o m\u00e9dico urologista Francisco Buriti, no entanto, os n\u00fameros oficiais disponibilizados pelo SUS podem ser consequ\u00eancia da subnotifica\u00e7\u00e3o. \u201cExiste uma notifica\u00e7\u00e3o obrigat\u00f3ria, mas nunca ningu\u00e9m faz isso. \u00c9 uma legisla\u00e7\u00e3o muito rigorosa com rela\u00e7\u00e3o ao paciente passar pelo procedimento. H\u00e1 termos de consentimento de paciente e acompanhante, tempo m\u00ednimo para procedimento, e tudo isso, apesar de existir na legisla\u00e7\u00e3o, n\u00e3o \u00e9 muito cobrado. No setor privado, quase todos os dias realizamos o procedimento. O n\u00famero pode parecer pequeno por causa dessa subnotifica\u00e7\u00e3o, mas isso n\u00e3o quer dizer que os homens n\u00e3o estejam dispostos a aderir, at\u00e9 porque as mulheres hoje t\u00eam cobrado mais de seus parceiros\u201d, acredita o especialista.<\/p>\n<p><strong>PB Agora<\/strong><\/p>\n<p>Cariri em A\u00e7\u00e3o<\/p>\n<p>Leia mais not\u00edcias em\u00a0<a href=\"http:\/\/www.caririemacao.com\/\">caririemacao.com<\/a>, siga nossa p\u00e1gina no\u00a0<a href=\"https:\/\/www.facebook.com\/CaririEmAcao\/?ref=aymt_homepage_panel\">Facebook<\/a>,\u00a0<a href=\"https:\/\/www.instagram.com\/cariri_em_acao\/?hl=pt-br\">Instagram<\/a>\u00a0e\u00a0<a href=\"https:\/\/www.youtube.com\/channel\/UCAptA0jQuYQy8vMhLt2m4qg\">Youtube<\/a>\u00a0e veja nossas mat\u00e9rias, v\u00eddeos e fotos. Voc\u00ea tamb\u00e9m pode enviar informa\u00e7\u00f5es \u00e0 Reda\u00e7\u00e3o do Portal Cariri em A\u00e7\u00e3o pelo WhatsApp (83) 9 9634.5791, (83) 9 9601-1162.<\/p>\n","protected":false},"excerpt":{"rendered":"<p>A cada um dia e meio um paraibano se submete \u00e0 vasectomia pelo Sistema \u00danico de Sa\u00fade (SUS) na Para\u00edba. O procedimento est\u00e1 entre os&hellip; <\/p>\n","protected":false},"author":1,"featured_media":65294,"comment_status":"closed","ping_status":"closed","sticky":false,"template":"","format":"standard","meta":{"sfsi_plus_gutenberg_text_before_share":"","sfsi_plus_gutenberg_show_text_before_share":"","sfsi_plus_gutenberg_icon_type":"","sfsi_plus_gutenberg_icon_alignemt":"","sfsi_plus_gutenburg_max_per_row":"","footnotes":""},"categories":[16],"tags":[],"class_list":["post-65293","post","type-post","status-publish","format-standard","has-post-thumbnail","hentry","category-saude"],"_links":{"self":[{"href":"https:\/\/www.caririemacao.com\/1\/wp-json\/wp\/v2\/posts\/65293","targetHints":{"allow":["GET"]}}],"collection":[{"href":"https:\/\/www.caririemacao.com\/1\/wp-json\/wp\/v2\/posts"}],"about":[{"href":"https:\/\/www.caririemacao.com\/1\/wp-json\/wp\/v2\/types\/post"}],"author":[{"embeddable":true,"href":"https:\/\/www.caririemacao.com\/1\/wp-json\/wp\/v2\/users\/1"}],"replies":[{"embeddable":true,"href":"https:\/\/www.caririemacao.com\/1\/wp-json\/wp\/v2\/comments?post=65293"}],"version-history":[{"count":1,"href":"https:\/\/www.caririemacao.com\/1\/wp-json\/wp\/v2\/posts\/65293\/revisions"}],"predecessor-version":[{"id":65295,"href":"https:\/\/www.caririemacao.com\/1\/wp-json\/wp\/v2\/posts\/65293\/revisions\/65295"}],"wp:featuredmedia":[{"embeddable":true,"href":"https:\/\/www.caririemacao.com\/1\/wp-json\/wp\/v2\/media\/65294"}],"wp:attachment":[{"href":"https:\/\/www.caririemacao.com\/1\/wp-json\/wp\/v2\/media?parent=65293"}],"wp:term":[{"taxonomy":"category","embeddable":true,"href":"https:\/\/www.caririemacao.com\/1\/wp-json\/wp\/v2\/categories?post=65293"},{"taxonomy":"post_tag","embeddable":true,"href":"https:\/\/www.caririemacao.com\/1\/wp-json\/wp\/v2\/tags?post=65293"}],"curies":[{"name":"wp","href":"https:\/\/api.w.org\/{rel}","templated":true}]}}