{"id":65296,"date":"2018-09-18T13:47:19","date_gmt":"2018-09-18T16:47:19","guid":{"rendered":"http:\/\/www.caririemacao.com\/1\/?p=65296"},"modified":"2018-09-18T13:47:19","modified_gmt":"2018-09-18T16:47:19","slug":"tre-pb-nao-afasta-carlos-batinga-da-campanha-eleitoral","status":"publish","type":"post","link":"https:\/\/www.caririemacao.com\/1\/2018\/09\/18\/tre-pb-nao-afasta-carlos-batinga-da-campanha-eleitoral\/","title":{"rendered":"TRE-PB n\u00e3o afasta Carlos Batinga da campanha eleitoral"},"content":{"rendered":"<p>A decis\u00e3o desta segunda-feira (17), do Tribunal Regional Eleitoral (TRE-PB) entendeu que o candidato a deputado estadual Carlos Batinga (PTB) n\u00e3o pode ser afastado da campanha eleitoral enquanto n\u00e3o ocorrer o tr\u00e2nsito em julgado ou a manifesta\u00e7\u00e3o da inst\u00e2ncia superior, em rela\u00e7\u00e3o ao indeferimento do registro de sua candidatura.<\/p>\n<p>Com a decis\u00e3o, a candidatura de Batinga continua mantida, e est\u00e1 liberado inclusive para usar o hor\u00e1rio eleitoral gratuito no r\u00e1dio e na TV e ter seu nome mantido na urna eletr\u00f4nica enquanto o registro estiver sob a condi\u00e7\u00e3o de sub j\u00fadice e fazer campanha normalmente.<\/p>\n<p>Em contato com a imprensa, Batinga se mostrou totalmente tranquilo e que tem plena confian\u00e7a em sua vit\u00f3ria nas urnas e na Justi\u00e7a. \u201cNo mais tudo n\u00e3o passa de desespero dos meus advers\u00e1rios, principalmente na regi\u00e3o do Cariri, minha principal base eleitoral, que est\u00e3o incomodados com as pesquisas onde me apontam como majorit\u00e1rio com ampla diferen\u00e7a de votos sobre os demais concorrentes, principalmente em Monteiro e tentam distorcer os fatos a respeito de nossa candidatura. \u201c disse Batinga.<\/p>\n<p>A assessoria do candidato, composta pelos advogados Dr. Marcelo Weick Pogliese, e Dr. Jota J\u00fanior, disseram que est\u00e3o absolutamente confiantes de que a candidatura de Batinga n\u00e3o ser\u00e1 impugnada, pois em diversos casos iguais ao que est\u00e1 sendo julgado tem sido deferido no Tribunal Superior Eleitoral em Bras\u00edlia, o que tamb\u00e9m acontecer\u00e1 no caso de Carlos Batinga.<\/p>\n<p>Ali\u00e1s, vale ressaltar que no julgamento no TRE o pr\u00f3prio juiz federal Dr. S\u00e9rgio Murilo Queiroga em dos votos a favor de Batinga defendeu a manuten\u00e7\u00e3o da candidatura do mesmo, alegando que a jurisprud\u00eancia do TRE\/PB e do TSE deve ser mantida nos outros julgamentos desse caso.<\/p>\n<p>Tamb\u00e9m votou favor\u00e1vel \u00e0 manuten\u00e7\u00e3o da candidatura de Carlos Batinga o Juiz, Paulo C\u00e2mara.<\/p>\n<p>Cariri em A\u00e7\u00e3o<\/p>\n<p>Leia mais not\u00edcias em\u00a0<a href=\"http:\/\/www.caririemacao.com\/\">caririemacao.com<\/a>, siga nossa p\u00e1gina no\u00a0<a href=\"https:\/\/www.facebook.com\/CaririEmAcao\/?ref=aymt_homepage_panel\">Facebook<\/a>,\u00a0<a href=\"https:\/\/www.instagram.com\/cariri_em_acao\/?hl=pt-br\">Instagram<\/a>\u00a0e\u00a0<a href=\"https:\/\/www.youtube.com\/channel\/UCAptA0jQuYQy8vMhLt2m4qg\">Youtube<\/a>\u00a0e veja nossas mat\u00e9rias, v\u00eddeos e fotos. Voc\u00ea tamb\u00e9m pode enviar informa\u00e7\u00f5es \u00e0 Reda\u00e7\u00e3o do Portal Cariri em A\u00e7\u00e3o pelo WhatsApp (83) 9 9634.5791, (83) 9 9601-1162.<\/p>\n","protected":false},"excerpt":{"rendered":"<p>A decis\u00e3o desta segunda-feira (17), do Tribunal Regional Eleitoral (TRE-PB) entendeu que o candidato a deputado estadual Carlos Batinga (PTB) n\u00e3o pode ser afastado da&hellip; <\/p>\n","protected":false},"author":1,"featured_media":65297,"comment_status":"closed","ping_status":"closed","sticky":false,"template":"","format":"standard","meta":{"sfsi_plus_gutenberg_text_before_share":"","sfsi_plus_gutenberg_show_text_before_share":"","sfsi_plus_gutenberg_icon_type":"","sfsi_plus_gutenberg_icon_alignemt":"","sfsi_plus_gutenburg_max_per_row":"","footnotes":""},"categories":[1],"tags":[],"class_list":["post-65296","post","type-post","status-publish","format-standard","has-post-thumbnail","hentry","category-o-site"],"_links":{"self":[{"href":"https:\/\/www.caririemacao.com\/1\/wp-json\/wp\/v2\/posts\/65296","targetHints":{"allow":["GET"]}}],"collection":[{"href":"https:\/\/www.caririemacao.com\/1\/wp-json\/wp\/v2\/posts"}],"about":[{"href":"https:\/\/www.caririemacao.com\/1\/wp-json\/wp\/v2\/types\/post"}],"author":[{"embeddable":true,"href":"https:\/\/www.caririemacao.com\/1\/wp-json\/wp\/v2\/users\/1"}],"replies":[{"embeddable":true,"href":"https:\/\/www.caririemacao.com\/1\/wp-json\/wp\/v2\/comments?post=65296"}],"version-history":[{"count":1,"href":"https:\/\/www.caririemacao.com\/1\/wp-json\/wp\/v2\/posts\/65296\/revisions"}],"predecessor-version":[{"id":65298,"href":"https:\/\/www.caririemacao.com\/1\/wp-json\/wp\/v2\/posts\/65296\/revisions\/65298"}],"wp:featuredmedia":[{"embeddable":true,"href":"https:\/\/www.caririemacao.com\/1\/wp-json\/wp\/v2\/media\/65297"}],"wp:attachment":[{"href":"https:\/\/www.caririemacao.com\/1\/wp-json\/wp\/v2\/media?parent=65296"}],"wp:term":[{"taxonomy":"category","embeddable":true,"href":"https:\/\/www.caririemacao.com\/1\/wp-json\/wp\/v2\/categories?post=65296"},{"taxonomy":"post_tag","embeddable":true,"href":"https:\/\/www.caririemacao.com\/1\/wp-json\/wp\/v2\/tags?post=65296"}],"curies":[{"name":"wp","href":"https:\/\/api.w.org\/{rel}","templated":true}]}}