{"id":65299,"date":"2018-09-18T13:52:17","date_gmt":"2018-09-18T16:52:17","guid":{"rendered":"http:\/\/www.caririemacao.com\/1\/?p=65299"},"modified":"2018-09-18T13:52:17","modified_gmt":"2018-09-18T16:52:17","slug":"festival-do-mel-chega-a-10a-edicao-com-novidades-como-a-tardezinha-do-mel","status":"publish","type":"post","link":"https:\/\/www.caririemacao.com\/1\/2018\/09\/18\/festival-do-mel-chega-a-10a-edicao-com-novidades-como-a-tardezinha-do-mel\/","title":{"rendered":"Festival do Mel chega \u00e0 10\u00aa edi\u00e7\u00e3o com novidades como a \u2018Tardezinha do Mel\u2019"},"content":{"rendered":"<p>O Festival do Mel em S\u00e3o Jos\u00e9 dos Cordeiros comemora este ano 10 edi\u00e7\u00f5es e se consolidou como um dos maiores eventos tem\u00e1ticos da Para\u00edba. Para este ano, a organiza\u00e7\u00e3o programou algumas novidades tanto na programa\u00e7\u00e3o t\u00e9cnica como na de shows.<\/p>\n<p>Na parte tur\u00edstica, a principal novidade ser\u00e1 a \u2018Tardezinha do Mel\u2019, que aumentou em um dia a realiza\u00e7\u00e3o do Festival do Mel e trar\u00e1 shows no final da tarde, a partir 16hrs. A primeira edi\u00e7\u00e3o da novidade contar\u00e1 com shows de Bob L\u00e9o Mercadoria, Su\u00e9lio do Acordeon e Mois\u00e9s do Acordeon.<\/p>\n<p>Na programa\u00e7\u00e3o t\u00e9cnica, a principal novidade ficou por conta da implanta\u00e7\u00e3o de minicursos voltados \u00e0 produ\u00e7\u00e3o e gest\u00e3o na apicultura. At\u00e9 ent\u00e3o, o festival contava com pequenas oficinas, mas a partir deste ano ser\u00e3o realizados minicursos com certificado com temas como: \u201cProcesso de Gest\u00e3o e Produ\u00e7\u00e3o na Apicultura\u201d, \u201cManejo Ecol\u00f3gico de Abelha Janda\u00edra\u201d e \u201cProdu\u00e7\u00e3o e Processamento de Cera\u201d.<\/p>\n<p>Para o secret\u00e1rio de finan\u00e7as, Fel\u00edcio Queiroz, a amplia\u00e7\u00e3o dos dias do festival aumentar\u00e1 o fluxo tur\u00edstico na cidade e com isso promover\u00e1 mais gera\u00e7\u00e3o de renda. \u201cEstamos modernizando o evento com uma tend\u00eancia nacional, que \u00e9 a promo\u00e7\u00e3o de shows em fins de tarde, e com isso pretendemos colaborar com os comerciantes locais e cordeirenses que aproveitam o Festival do Mel para ganhar uma renda extra\u201d, explicou o auxiliar.<\/p>\n<p><strong>Ascom\/SJC<\/strong><\/p>\n<p>Cariri em A\u00e7\u00e3o<\/p>\n<p>Leia mais not\u00edcias em\u00a0<a href=\"http:\/\/www.caririemacao.com\/\">caririemacao.com<\/a>, siga nossa p\u00e1gina no\u00a0<a href=\"https:\/\/www.facebook.com\/CaririEmAcao\/?ref=aymt_homepage_panel\">Facebook<\/a>,\u00a0<a href=\"https:\/\/www.instagram.com\/cariri_em_acao\/?hl=pt-br\">Instagram<\/a>\u00a0e\u00a0<a href=\"https:\/\/www.youtube.com\/channel\/UCAptA0jQuYQy8vMhLt2m4qg\">Youtube<\/a>\u00a0e veja nossas mat\u00e9rias, v\u00eddeos e fotos. Voc\u00ea tamb\u00e9m pode enviar informa\u00e7\u00f5es \u00e0 Reda\u00e7\u00e3o do Portal Cariri em A\u00e7\u00e3o pelo WhatsApp (83) 9 9634.5791, (83) 9 9601-1162.<\/p>\n<p>&nbsp;<\/p>\n","protected":false},"excerpt":{"rendered":"<p>O Festival do Mel em S\u00e3o Jos\u00e9 dos Cordeiros comemora este ano 10 edi\u00e7\u00f5es e se consolidou como um dos maiores eventos tem\u00e1ticos da Para\u00edba.&hellip; <\/p>\n","protected":false},"author":1,"featured_media":65300,"comment_status":"closed","ping_status":"closed","sticky":false,"template":"","format":"standard","meta":{"sfsi_plus_gutenberg_text_before_share":"","sfsi_plus_gutenberg_show_text_before_share":"","sfsi_plus_gutenberg_icon_type":"","sfsi_plus_gutenberg_icon_alignemt":"","sfsi_plus_gutenburg_max_per_row":"","footnotes":""},"categories":[2],"tags":[],"class_list":["post-65299","post","type-post","status-publish","format-standard","has-post-thumbnail","hentry","category-geral"],"_links":{"self":[{"href":"https:\/\/www.caririemacao.com\/1\/wp-json\/wp\/v2\/posts\/65299","targetHints":{"allow":["GET"]}}],"collection":[{"href":"https:\/\/www.caririemacao.com\/1\/wp-json\/wp\/v2\/posts"}],"about":[{"href":"https:\/\/www.caririemacao.com\/1\/wp-json\/wp\/v2\/types\/post"}],"author":[{"embeddable":true,"href":"https:\/\/www.caririemacao.com\/1\/wp-json\/wp\/v2\/users\/1"}],"replies":[{"embeddable":true,"href":"https:\/\/www.caririemacao.com\/1\/wp-json\/wp\/v2\/comments?post=65299"}],"version-history":[{"count":1,"href":"https:\/\/www.caririemacao.com\/1\/wp-json\/wp\/v2\/posts\/65299\/revisions"}],"predecessor-version":[{"id":65301,"href":"https:\/\/www.caririemacao.com\/1\/wp-json\/wp\/v2\/posts\/65299\/revisions\/65301"}],"wp:featuredmedia":[{"embeddable":true,"href":"https:\/\/www.caririemacao.com\/1\/wp-json\/wp\/v2\/media\/65300"}],"wp:attachment":[{"href":"https:\/\/www.caririemacao.com\/1\/wp-json\/wp\/v2\/media?parent=65299"}],"wp:term":[{"taxonomy":"category","embeddable":true,"href":"https:\/\/www.caririemacao.com\/1\/wp-json\/wp\/v2\/categories?post=65299"},{"taxonomy":"post_tag","embeddable":true,"href":"https:\/\/www.caririemacao.com\/1\/wp-json\/wp\/v2\/tags?post=65299"}],"curies":[{"name":"wp","href":"https:\/\/api.w.org\/{rel}","templated":true}]}}