{"id":65302,"date":"2018-09-18T13:57:28","date_gmt":"2018-09-18T16:57:28","guid":{"rendered":"http:\/\/www.caririemacao.com\/1\/?p=65302"},"modified":"2018-09-18T13:57:28","modified_gmt":"2018-09-18T16:57:28","slug":"toffoli-diz-que-prisao-de-lula-deve-ser-mantida-no-plenario-do-stf","status":"publish","type":"post","link":"https:\/\/www.caririemacao.com\/1\/2018\/09\/18\/toffoli-diz-que-prisao-de-lula-deve-ser-mantida-no-plenario-do-stf\/","title":{"rendered":"Toffoli diz que pris\u00e3o de Lula deve ser mantida no plen\u00e1rio do STF"},"content":{"rendered":"<p>O novo presidente do Supremo Tribunal Federal (STF), ministro Dias Toffoli, declarou nesta segunda-feira (17) que \u00e9 dif\u00edcil que a pris\u00e3o do ex-presidente Lula seja derrubada por decis\u00e3o do plen\u00e1rio. Esse novo julgamento \u00e9 parte do recurso apresentado pela defesa do petista.Dias Toffoli tamb\u00e9m rebateu cr\u00edticas feitas por BolsonaroO objetivo dos advogados de Lula \u00e9 reverter a decis\u00e3o da Corte, que em abril negou por seis votos a cinco o pedido que evitaria a pris\u00e3o do ex-presidente ap\u00f3s condena\u00e7\u00e3o em segunda inst\u00e2ncia. Lula foi condenado por corrup\u00e7\u00e3o e lavagem de dinheiro no caso do tr\u00edplex no Guaruj\u00e1, litoral paulista.<\/p>\n<p>O objetivo dos advogados de Lula \u00e9 reverter a decis\u00e3o da Corte, que em abril negou por seis votos a cinco o pedido que evitaria a pris\u00e3o do ex-presidente ap\u00f3s condena\u00e7\u00e3o em segunda inst\u00e2ncia. Lula foi condenado por corrup\u00e7\u00e3o e lavagem de dinheiro no caso do tr\u00edplex no Guaruj\u00e1, litoral paulista.<\/p>\n<p>O julgamento deste recurso contra a decis\u00e3o come\u00e7ou a ser votado no plen\u00e1rio virtual, quando os ministros n\u00e3o se re\u00fanem e votam pelo computador. Na \u00faltima sexta, Ricardo Lewandowski pediu vista do recurso para levar a decis\u00e3o para o plen\u00e1rio f\u00edsico. No momento, haviam sete votos contr\u00e1rios \u00e0 decis\u00e3o e um favor\u00e1vel \u00e0 libera\u00e7\u00e3o de Lula.<\/p>\n<p>\u201cO fato \u00e9 que nesse caso j\u00e1 houve no plen\u00e1rio virtual seis votos [foram sete] a favor da situa\u00e7\u00e3o anterior e um divergente. Na minha opini\u00e3o, eu penso, que como se trata de um recurso limitado, que s\u00e3o os embargos de declara\u00e7\u00e3o, e o tema foi extremamente debatido, muito dificilmente vai haver qualquer mudan\u00e7a.\u201d<\/p>\n<p>O novo ministro tamb\u00e9m rebateu as cr\u00edticas feitas pelo candidato Jair Bolsonaro (PSL), que em uma transmiss\u00e3o via Facebook nesse domingo, afirmou que as elei\u00e7\u00f5es sofrer\u00e3o com fraudes nas urnas. O candidato criticou a posi\u00e7\u00e3o do STF de impedir o voto impresso.<\/p>\n<p>\u201cAs urnas eletr\u00f4nicas s\u00e3o totalmente confi\u00e1veis. Os sistemas s\u00e3o abertos a auditagem para todos os partidos pol\u00edticos seis meses antes das elei\u00e7\u00f5es, tamb\u00e9m para o Minist\u00e9rio P\u00fablico e para a Ordem dos Advogados do Brasil\u201d.<\/p>\n<p>O ministro ainda relembrou que Bolsonaro sempre foi eleito atrav\u00e9s das urnas eletr\u00f4nicas e ressaltou que nesta edi\u00e7\u00e3o das elei\u00e7\u00f5es haver\u00e1 observadores internacionais da Organiza\u00e7\u00e3o dos Estados Americanos (OEA).<\/p>\n<p>&nbsp;<\/p>\n<p>Cariri em A\u00e7\u00e3o<\/p>\n<p>Leia mais not\u00edcias em\u00a0<a href=\"http:\/\/www.caririemacao.com\/\">caririemacao.com<\/a>, siga nossa p\u00e1gina no\u00a0<a href=\"https:\/\/www.facebook.com\/CaririEmAcao\/?ref=aymt_homepage_panel\">Facebook<\/a>,\u00a0<a href=\"https:\/\/www.instagram.com\/cariri_em_acao\/?hl=pt-br\">Instagram<\/a>\u00a0e\u00a0<a href=\"https:\/\/www.youtube.com\/channel\/UCAptA0jQuYQy8vMhLt2m4qg\">Youtube<\/a>\u00a0e veja nossas mat\u00e9rias, v\u00eddeos e fotos. Voc\u00ea tamb\u00e9m pode enviar informa\u00e7\u00f5es \u00e0 Reda\u00e7\u00e3o do Portal Cariri em A\u00e7\u00e3o pelo WhatsApp (83) 9 9634.5791, (83) 9 9601-1162.<\/p>\n","protected":false},"excerpt":{"rendered":"<p>O novo presidente do Supremo Tribunal Federal (STF), ministro Dias Toffoli, declarou nesta segunda-feira (17) que \u00e9 dif\u00edcil que a pris\u00e3o do ex-presidente Lula seja&hellip; <\/p>\n","protected":false},"author":1,"featured_media":65202,"comment_status":"closed","ping_status":"closed","sticky":false,"template":"","format":"standard","meta":{"sfsi_plus_gutenberg_text_before_share":"","sfsi_plus_gutenberg_show_text_before_share":"","sfsi_plus_gutenberg_icon_type":"","sfsi_plus_gutenberg_icon_alignemt":"","sfsi_plus_gutenburg_max_per_row":"","footnotes":""},"categories":[1],"tags":[],"class_list":["post-65302","post","type-post","status-publish","format-standard","has-post-thumbnail","hentry","category-o-site"],"_links":{"self":[{"href":"https:\/\/www.caririemacao.com\/1\/wp-json\/wp\/v2\/posts\/65302","targetHints":{"allow":["GET"]}}],"collection":[{"href":"https:\/\/www.caririemacao.com\/1\/wp-json\/wp\/v2\/posts"}],"about":[{"href":"https:\/\/www.caririemacao.com\/1\/wp-json\/wp\/v2\/types\/post"}],"author":[{"embeddable":true,"href":"https:\/\/www.caririemacao.com\/1\/wp-json\/wp\/v2\/users\/1"}],"replies":[{"embeddable":true,"href":"https:\/\/www.caririemacao.com\/1\/wp-json\/wp\/v2\/comments?post=65302"}],"version-history":[{"count":1,"href":"https:\/\/www.caririemacao.com\/1\/wp-json\/wp\/v2\/posts\/65302\/revisions"}],"predecessor-version":[{"id":65304,"href":"https:\/\/www.caririemacao.com\/1\/wp-json\/wp\/v2\/posts\/65302\/revisions\/65304"}],"wp:featuredmedia":[{"embeddable":true,"href":"https:\/\/www.caririemacao.com\/1\/wp-json\/wp\/v2\/media\/65202"}],"wp:attachment":[{"href":"https:\/\/www.caririemacao.com\/1\/wp-json\/wp\/v2\/media?parent=65302"}],"wp:term":[{"taxonomy":"category","embeddable":true,"href":"https:\/\/www.caririemacao.com\/1\/wp-json\/wp\/v2\/categories?post=65302"},{"taxonomy":"post_tag","embeddable":true,"href":"https:\/\/www.caririemacao.com\/1\/wp-json\/wp\/v2\/tags?post=65302"}],"curies":[{"name":"wp","href":"https:\/\/api.w.org\/{rel}","templated":true}]}}