{"id":65305,"date":"2018-09-18T14:00:44","date_gmt":"2018-09-18T17:00:44","guid":{"rendered":"http:\/\/www.caririemacao.com\/1\/?p=65305"},"modified":"2018-09-18T14:00:44","modified_gmt":"2018-09-18T17:00:44","slug":"botijao-de-gas-de-cozinha-tera-aumento-de-r-5-a-partir-desta-quarta-feira","status":"publish","type":"post","link":"https:\/\/www.caririemacao.com\/1\/2018\/09\/18\/botijao-de-gas-de-cozinha-tera-aumento-de-r-5-a-partir-desta-quarta-feira\/","title":{"rendered":"Botij\u00e3o de g\u00e1s de cozinha ter\u00e1 aumento de R$ 5 a partir desta quarta-feira"},"content":{"rendered":"<p>O valor do botij\u00e3o de g\u00e1s de cozinha ter\u00e1 um aumento de R$ 5 em todos os postos de revenda a partir desta quarta-feira (19), de acordo com o Sindicato dos Revendedores de G\u00e1s do Estado da Para\u00edba (Sinreg\u00e1s-PB).<\/p>\n<p>Segundo o sindicato, o reajuste corresponde a 4,4% e est\u00e1 relacionado ao subs\u00eddio coletivo das distribuidores de g\u00e1s que recebem o produto da Petrobras e repassam aos revendedores.<\/p>\n<p>Na semana passada, uma pesquisa comparativa realizada pela Secretaria Municipal de Prote\u00e7\u00e3o e Defesa do Consumidor constatou que o menor pre\u00e7o do botij\u00e3o de 13kg do g\u00e1s de cozinha em Jo\u00e3o Pessoa se manteve em R$ 65 para pagamento \u00e0 vista. O maior pre\u00e7o, no entanto, subiu R$ 2 em rela\u00e7\u00e3o ao levantamento feito pelo Procon-JP do dia 19 de julho passado, saindo de R$ 70 para R$ 72.<\/p>\n<p><strong>Blog do Gordinho\u00a0<\/strong><\/p>\n<p>Cariri em A\u00e7\u00e3o<\/p>\n<p>Leia mais not\u00edcias em\u00a0<a href=\"http:\/\/www.caririemacao.com\/\">caririemacao.com<\/a>, siga nossa p\u00e1gina no\u00a0<a href=\"https:\/\/www.facebook.com\/CaririEmAcao\/?ref=aymt_homepage_panel\">Facebook<\/a>,\u00a0<a href=\"https:\/\/www.instagram.com\/cariri_em_acao\/?hl=pt-br\">Instagram<\/a>\u00a0e\u00a0<a href=\"https:\/\/www.youtube.com\/channel\/UCAptA0jQuYQy8vMhLt2m4qg\">Youtube<\/a>\u00a0e veja nossas mat\u00e9rias, v\u00eddeos e fotos. Voc\u00ea tamb\u00e9m pode enviar informa\u00e7\u00f5es \u00e0 Reda\u00e7\u00e3o do Portal Cariri em A\u00e7\u00e3o pelo WhatsApp (83) 9 9634.5791, (83) 9 9601-1162.<\/p>\n","protected":false},"excerpt":{"rendered":"<p>O valor do botij\u00e3o de g\u00e1s de cozinha ter\u00e1 um aumento de R$ 5 em todos os postos de revenda a partir desta quarta-feira (19),&hellip; <\/p>\n","protected":false},"author":1,"featured_media":65306,"comment_status":"closed","ping_status":"closed","sticky":false,"template":"","format":"standard","meta":{"sfsi_plus_gutenberg_text_before_share":"","sfsi_plus_gutenberg_show_text_before_share":"","sfsi_plus_gutenberg_icon_type":"","sfsi_plus_gutenberg_icon_alignemt":"","sfsi_plus_gutenburg_max_per_row":"","footnotes":""},"categories":[2],"tags":[],"class_list":["post-65305","post","type-post","status-publish","format-standard","has-post-thumbnail","hentry","category-geral"],"_links":{"self":[{"href":"https:\/\/www.caririemacao.com\/1\/wp-json\/wp\/v2\/posts\/65305","targetHints":{"allow":["GET"]}}],"collection":[{"href":"https:\/\/www.caririemacao.com\/1\/wp-json\/wp\/v2\/posts"}],"about":[{"href":"https:\/\/www.caririemacao.com\/1\/wp-json\/wp\/v2\/types\/post"}],"author":[{"embeddable":true,"href":"https:\/\/www.caririemacao.com\/1\/wp-json\/wp\/v2\/users\/1"}],"replies":[{"embeddable":true,"href":"https:\/\/www.caririemacao.com\/1\/wp-json\/wp\/v2\/comments?post=65305"}],"version-history":[{"count":1,"href":"https:\/\/www.caririemacao.com\/1\/wp-json\/wp\/v2\/posts\/65305\/revisions"}],"predecessor-version":[{"id":65307,"href":"https:\/\/www.caririemacao.com\/1\/wp-json\/wp\/v2\/posts\/65305\/revisions\/65307"}],"wp:featuredmedia":[{"embeddable":true,"href":"https:\/\/www.caririemacao.com\/1\/wp-json\/wp\/v2\/media\/65306"}],"wp:attachment":[{"href":"https:\/\/www.caririemacao.com\/1\/wp-json\/wp\/v2\/media?parent=65305"}],"wp:term":[{"taxonomy":"category","embeddable":true,"href":"https:\/\/www.caririemacao.com\/1\/wp-json\/wp\/v2\/categories?post=65305"},{"taxonomy":"post_tag","embeddable":true,"href":"https:\/\/www.caririemacao.com\/1\/wp-json\/wp\/v2\/tags?post=65305"}],"curies":[{"name":"wp","href":"https:\/\/api.w.org\/{rel}","templated":true}]}}