{"id":65313,"date":"2018-09-18T16:46:36","date_gmt":"2018-09-18T19:46:36","guid":{"rendered":"http:\/\/www.caririemacao.com\/1\/?p=65313"},"modified":"2018-09-18T16:46:36","modified_gmt":"2018-09-18T19:46:36","slug":"projeto-sume-com-flores-realiza-acoes-de-valorizacao-da-vida-no-setembro-amarelo","status":"publish","type":"post","link":"https:\/\/www.caririemacao.com\/1\/2018\/09\/18\/projeto-sume-com-flores-realiza-acoes-de-valorizacao-da-vida-no-setembro-amarelo\/","title":{"rendered":"Projeto Sum\u00e9 com Flores realiza a\u00e7\u00f5es de valoriza\u00e7\u00e3o da vida no Setembro Amarelo"},"content":{"rendered":"<p>Abra\u00e7ando as atividades relativas \u00e0 promo\u00e7\u00e3o e valoriza\u00e7\u00e3o da vida, a equipe de monitores do Projeto Sum\u00e9 com Flores do Programa de A\u00e7\u00f5es Sustent\u00e1veis para o Cariri (PASCAR), do Centro de Desenvolvimento Sustent\u00e1vel do Semi\u00e1rido da Universidade Federal de Campina Grande (CDSA\/UFCG), aderiu \u00e0 campanha do Setembro Amarelo e organizou na \u00faltima sexta-feira, dia 14, din\u00e2micas e brincadeiras para falar da import\u00e2ncia da vida com os participantes do projeto.<\/p>\n<p>O Setembro Amarelo \u00e9 uma campanha de conscientiza\u00e7\u00e3o sobre a preven\u00e7\u00e3o do suic\u00eddio, com o objetivo direto de alertar a popula\u00e7\u00e3o a respeito da realidade do suic\u00eddio no Brasil e no mundo e suas formas de preven\u00e7\u00e3o do Centro de Valoriza\u00e7\u00e3o da Vida que busca trazer o di\u00e1logo sobre o suic\u00eddio para a sociedade. Desde 2015 o m\u00eas busca a conscientiza\u00e7\u00e3o e a preven\u00e7\u00e3o do suic\u00eddio.<\/p>\n<p>As atividades continuar\u00e3o ao longo do m\u00eas, buscando a integra\u00e7\u00e3o e a solidariedade, a aproxima\u00e7\u00e3o dos acad\u00eamicos e dos usu\u00e1rios que, compartilhando dificuldades dialogam sobre o valor e a import\u00e2ncia de enfrentar os desafios da vida e sobre o tema suic\u00eddio, ainda t\u00e3o ligado aos tabus. Juntos nas atividades do projeto, mexendo com a terra e com as flores, sorrindo, cantando e abra\u00e7ando, a equipe do Sum\u00e9 com Flores trabalha com os usu\u00e1rios do CAPS o encanto pela gra\u00e7a da vida.<\/p>\n<p>O Projeto \u201cSum\u00e9 com Flores\u201d iniciou suas atividades em 2012 e tem feito a diferen\u00e7a na vida dos assistidos pelo Centro de Aten\u00e7\u00e3o Psicossocial da cidade (CAPS \u2013 Esta\u00e7\u00e3o Novos Rumos), de seus familiares e, claro, pode fazer a diferen\u00e7a na sua vida tamb\u00e9m.<\/p>\n<p>A proposta teve in\u00edcio por meio da parceria da terapeuta ocupacional Roberta Rossignolo, que j\u00e1 atuou no CAPS de Sum\u00e9, que idealizou a proposta acolhida pela equipe do Programa de A\u00e7\u00f5es Sustent\u00e1veis para o Cariri \u2013 PASCAR, e cujas a\u00e7\u00f5es acontecem duas vezes na semana no Viveiro de Mudas do CDSA, sob a supervis\u00e3o da professora Adriana Meira Vital, coordenadora do PASCAR.<\/p>\n<p>Acompanhados pelos profissionais do CAPS Esta\u00e7\u00e3o Novos Rumos, os usu\u00e1rios s\u00e3o acolhidos pelos monitores, estudantes de Agroecologia. Depois da acolhida, dos alongamentos f\u00edsicos e das atividades que colocam os usu\u00e1rios do Sistema em sintonia com o ambiente, \u00e9 hora do preparo do substrato, semeadura e tratos culturais das plantas, montagem e revolvimento de leiras de compostagem e agua\u00e7\u00e3o, a\u00e7\u00f5es preliminares ao cultivo. Tamb\u00e9m s\u00e3o organizadas palestras que abordam temas como a produ\u00e7\u00e3o de flores e conserva\u00e7\u00e3o dos solos. \u00c9 ainda oportunidade de trabalho, de respeito e afetividade pelo pr\u00f3ximo, e de momentos de agrad\u00e1vel socializa\u00e7\u00e3o.<\/p>\n<p>De acordo com Adriana Meira, na perspectiva da Agroecologia, o projeto est\u00e1 inserido no contexto da valoriza\u00e7\u00e3o do outro, na inclus\u00e3o e (re)inser\u00e7\u00e3o social, e na humaniza\u00e7\u00e3o do atendimento \u00e0s pessoas com necessidades tempor\u00e1rias de acolhimento. \u201c\u00c9 importante dizer que o \u2018Sum\u00e9 com Flores\u2019 \u00e9 uma a\u00e7\u00e3o de elevado apelo ambiental e valor social\u201d, destacou.<\/p>\n<p><strong>Ascom\/Sum\u00e9<\/strong><\/p>\n<p>Cariri em A\u00e7\u00e3o<\/p>\n<p>Leia mais not\u00edcias em\u00a0<a href=\"http:\/\/www.caririemacao.com\/\">caririemacao.com<\/a>, siga nossa p\u00e1gina no\u00a0<a href=\"https:\/\/www.facebook.com\/CaririEmAcao\/?ref=aymt_homepage_panel\">Facebook<\/a>,\u00a0<a href=\"https:\/\/www.instagram.com\/cariri_em_acao\/?hl=pt-br\">Instagram<\/a>\u00a0e\u00a0<a href=\"https:\/\/www.youtube.com\/channel\/UCAptA0jQuYQy8vMhLt2m4qg\">Youtube<\/a>\u00a0e veja nossas mat\u00e9rias, v\u00eddeos e fotos. Voc\u00ea tamb\u00e9m pode enviar informa\u00e7\u00f5es \u00e0 Reda\u00e7\u00e3o do Portal Cariri em A\u00e7\u00e3o pelo WhatsApp (83) 9 9634.5791, (83) 9 9601-1162.<\/p>\n","protected":false},"excerpt":{"rendered":"<p>Abra\u00e7ando as atividades relativas \u00e0 promo\u00e7\u00e3o e valoriza\u00e7\u00e3o da vida, a equipe de monitores do Projeto Sum\u00e9 com Flores do Programa de A\u00e7\u00f5es Sustent\u00e1veis para&hellip; <\/p>\n","protected":false},"author":1,"featured_media":65314,"comment_status":"closed","ping_status":"closed","sticky":false,"template":"","format":"standard","meta":{"sfsi_plus_gutenberg_text_before_share":"","sfsi_plus_gutenberg_show_text_before_share":"","sfsi_plus_gutenberg_icon_type":"","sfsi_plus_gutenberg_icon_alignemt":"","sfsi_plus_gutenburg_max_per_row":"","footnotes":""},"categories":[16],"tags":[],"class_list":["post-65313","post","type-post","status-publish","format-standard","has-post-thumbnail","hentry","category-saude"],"_links":{"self":[{"href":"https:\/\/www.caririemacao.com\/1\/wp-json\/wp\/v2\/posts\/65313","targetHints":{"allow":["GET"]}}],"collection":[{"href":"https:\/\/www.caririemacao.com\/1\/wp-json\/wp\/v2\/posts"}],"about":[{"href":"https:\/\/www.caririemacao.com\/1\/wp-json\/wp\/v2\/types\/post"}],"author":[{"embeddable":true,"href":"https:\/\/www.caririemacao.com\/1\/wp-json\/wp\/v2\/users\/1"}],"replies":[{"embeddable":true,"href":"https:\/\/www.caririemacao.com\/1\/wp-json\/wp\/v2\/comments?post=65313"}],"version-history":[{"count":1,"href":"https:\/\/www.caririemacao.com\/1\/wp-json\/wp\/v2\/posts\/65313\/revisions"}],"predecessor-version":[{"id":65315,"href":"https:\/\/www.caririemacao.com\/1\/wp-json\/wp\/v2\/posts\/65313\/revisions\/65315"}],"wp:featuredmedia":[{"embeddable":true,"href":"https:\/\/www.caririemacao.com\/1\/wp-json\/wp\/v2\/media\/65314"}],"wp:attachment":[{"href":"https:\/\/www.caririemacao.com\/1\/wp-json\/wp\/v2\/media?parent=65313"}],"wp:term":[{"taxonomy":"category","embeddable":true,"href":"https:\/\/www.caririemacao.com\/1\/wp-json\/wp\/v2\/categories?post=65313"},{"taxonomy":"post_tag","embeddable":true,"href":"https:\/\/www.caririemacao.com\/1\/wp-json\/wp\/v2\/tags?post=65313"}],"curies":[{"name":"wp","href":"https:\/\/api.w.org\/{rel}","templated":true}]}}