{"id":65322,"date":"2018-09-18T22:01:22","date_gmt":"2018-09-19T01:01:22","guid":{"rendered":"http:\/\/www.caririemacao.com\/1\/?p=65322"},"modified":"2018-09-19T00:08:14","modified_gmt":"2018-09-19T03:08:14","slug":"novo-incendio-e-de-grandes-proporcoes-e-registrado-entre-serra-branca-e-coxixola","status":"publish","type":"post","link":"https:\/\/www.caririemacao.com\/1\/2018\/09\/18\/novo-incendio-e-de-grandes-proporcoes-e-registrado-entre-serra-branca-e-coxixola\/","title":{"rendered":"Novo inc\u00eandio e de grandes propor\u00e7\u00f5es \u00e9 registrado entre Serra Branca e Coxixola"},"content":{"rendered":"<p>A popula\u00e7\u00e3o da zona rural entre Serra Branca e Coxixola est\u00e1 preocupada com um grande e novo inc\u00eandio que j\u00e1 toma uma grande \u00e1rea entre os dois munic\u00edpios. Uma viatura do Corpo de Bombeiros, em parceria com a Pol\u00edcia Militar, est\u00e1 no local e tenta controlar o fogo.<\/p>\n<p>O primeiro inc\u00eandio se deu \u00e0s margens da rodovia que liga \u00e0s duas cidades, por volta do meio dia. Populares se juntaram, um carro pipa foi enviado ao local e as chamas foram controladas.<\/p>\n<p><img fetchpriority=\"high\" decoding=\"async\" class=\"wp-image-56892 alignleft\" src=\"http:\/\/deolhonocariri.com.br\/wp-content\/uploads\/2018\/09\/incendio_sb_coxixola_2.jpg\" sizes=\"(max-width: 416px) 100vw, 416px\" srcset=\"https:\/\/deolhonocariri.com.br\/wp-content\/uploads\/2018\/09\/incendio_sb_coxixola_2.jpg 960w, https:\/\/deolhonocariri.com.br\/wp-content\/uploads\/2018\/09\/incendio_sb_coxixola_2-400x225.jpg 400w, https:\/\/deolhonocariri.com.br\/wp-content\/uploads\/2018\/09\/incendio_sb_coxixola_2-600x338.jpg 600w, https:\/\/deolhonocariri.com.br\/wp-content\/uploads\/2018\/09\/incendio_sb_coxixola_2-768x432.jpg 768w\" alt=\"\" width=\"416\" height=\"234\" \/>Ap\u00f3s \u00e0s 16h, entretanto, outro foco de inc\u00eandio foi registrado. Desta vez, bem dentro do mato, entre o s\u00edtio Ligeiro e Coxixola. As chamas, segundo relato de moradores, com o vento se espalharam bastante, momento em que o Corpo de Bombeiros precisou ser acionado.<\/p>\n<p>Ainda de acordo com informa\u00e7\u00f5es extra oficiais, uma caixa de f\u00f3sforo foi encontrada em meio ao local do primeiro inc\u00eandio. A Pol\u00edcia n\u00e3o descarta a possibilidade da a\u00e7\u00e3o ter sido provocada.<\/p>\n<p>De Olho no Cariri<\/p>\n<p>Cariri em A\u00e7\u00e3o<\/p>\n<p>Leia mais not\u00edcias em\u00a0<a href=\"http:\/\/www.caririemacao.com\/\">caririemacao.com<\/a>, siga nossa p\u00e1gina no\u00a0<a href=\"https:\/\/www.facebook.com\/CaririEmAcao\/?ref=aymt_homepage_panel\">Facebook<\/a>,\u00a0<a href=\"https:\/\/www.instagram.com\/cariri_em_acao\/?hl=pt-br\">Instagram<\/a>\u00a0e\u00a0<a href=\"https:\/\/www.youtube.com\/channel\/UCAptA0jQuYQy8vMhLt2m4qg\">Youtube<\/a>\u00a0e veja nossas mat\u00e9rias, v\u00eddeos e fotos. Voc\u00ea tamb\u00e9m pode enviar informa\u00e7\u00f5es \u00e0 Reda\u00e7\u00e3o do Portal Cariri em A\u00e7\u00e3o pelo WhatsApp (83) 9 9634.5791, (83) 9 9601-1162.<\/p>\n","protected":false},"excerpt":{"rendered":"<p>A popula\u00e7\u00e3o da zona rural entre Serra Branca e Coxixola est\u00e1 preocupada com um grande e novo inc\u00eandio que j\u00e1 toma uma grande \u00e1rea entre&hellip; <\/p>\n","protected":false},"author":1,"featured_media":65323,"comment_status":"closed","ping_status":"closed","sticky":false,"template":"","format":"standard","meta":{"sfsi_plus_gutenberg_text_before_share":"","sfsi_plus_gutenberg_show_text_before_share":"","sfsi_plus_gutenberg_icon_type":"","sfsi_plus_gutenberg_icon_alignemt":"","sfsi_plus_gutenburg_max_per_row":"","footnotes":""},"categories":[2],"tags":[],"class_list":["post-65322","post","type-post","status-publish","format-standard","has-post-thumbnail","hentry","category-geral"],"_links":{"self":[{"href":"https:\/\/www.caririemacao.com\/1\/wp-json\/wp\/v2\/posts\/65322","targetHints":{"allow":["GET"]}}],"collection":[{"href":"https:\/\/www.caririemacao.com\/1\/wp-json\/wp\/v2\/posts"}],"about":[{"href":"https:\/\/www.caririemacao.com\/1\/wp-json\/wp\/v2\/types\/post"}],"author":[{"embeddable":true,"href":"https:\/\/www.caririemacao.com\/1\/wp-json\/wp\/v2\/users\/1"}],"replies":[{"embeddable":true,"href":"https:\/\/www.caririemacao.com\/1\/wp-json\/wp\/v2\/comments?post=65322"}],"version-history":[{"count":2,"href":"https:\/\/www.caririemacao.com\/1\/wp-json\/wp\/v2\/posts\/65322\/revisions"}],"predecessor-version":[{"id":65340,"href":"https:\/\/www.caririemacao.com\/1\/wp-json\/wp\/v2\/posts\/65322\/revisions\/65340"}],"wp:featuredmedia":[{"embeddable":true,"href":"https:\/\/www.caririemacao.com\/1\/wp-json\/wp\/v2\/media\/65323"}],"wp:attachment":[{"href":"https:\/\/www.caririemacao.com\/1\/wp-json\/wp\/v2\/media?parent=65322"}],"wp:term":[{"taxonomy":"category","embeddable":true,"href":"https:\/\/www.caririemacao.com\/1\/wp-json\/wp\/v2\/categories?post=65322"},{"taxonomy":"post_tag","embeddable":true,"href":"https:\/\/www.caririemacao.com\/1\/wp-json\/wp\/v2\/tags?post=65322"}],"curies":[{"name":"wp","href":"https:\/\/api.w.org\/{rel}","templated":true}]}}