{"id":65331,"date":"2018-09-18T22:27:40","date_gmt":"2018-09-19T01:27:40","guid":{"rendered":"http:\/\/www.caririemacao.com\/1\/?p=65331"},"modified":"2018-09-18T22:27:40","modified_gmt":"2018-09-19T01:27:40","slug":"campus-do-ifpb-em-monteiro-divulga-resultado-final-do-edital-de-programas-de-assistencia-estudantil","status":"publish","type":"post","link":"https:\/\/www.caririemacao.com\/1\/2018\/09\/18\/campus-do-ifpb-em-monteiro-divulga-resultado-final-do-edital-de-programas-de-assistencia-estudantil\/","title":{"rendered":"Campus do IFPB em Monteiro divulga resultado final do edital de Programas de Assist\u00eancia Estudantil"},"content":{"rendered":"<div class=\"newsLeftPane\">\n<div class=\"newsImageContainer\"><a id=\"parent-fieldname-image\" class=\"parent-nitf-image link-overlay\" href=\"http:\/\/www.ifpb.edu.br\/monteiro\/noticias\/2018\/09\/campus-monteiro-divulga-resultado-final-do-edital-no-46-2018\/@@nitf_custom_galleria\" rel=\"#pb_1\"><img decoding=\"async\" class=\"alignleft lazyload\" data-src=\"http:\/\/www.ifpb.edu.br\/monteiro\/noticias\/2018\/09\/campus-monteiro-divulga-resultado-final-do-edital-no-46-2018\/frente-do-if-2.jpg\/@@images\/da21d346-324d-41c9-9986-821cc083d017.jpeg\" alt=\"\" width=\"230\" height=\"152\" src=\"data:image\/svg+xml;base64,PHN2ZyB3aWR0aD0iMSIgaGVpZ2h0PSIxIiB4bWxucz0iaHR0cDovL3d3dy53My5vcmcvMjAwMC9zdmciPjwvc3ZnPg==\" style=\"--smush-placeholder-width: 230px; --smush-placeholder-aspect-ratio: 230\/152;\" \/><\/a><span id=\"lupa\"><\/span><\/div>\n<\/div>\n<div>\n<p>O Instituto Federal da Para\u00edba \u2013 Campus Monteiro, atrav\u00e9s da Coordena\u00e7\u00e3o de Assist\u00eancia Estudantil (CAEST), \u00a0torna p\u00fablico o Resultado Final do Processo Seletivo dos Programas da Pol\u00edtica de Assist\u00eancia Estudantil, regido pelo Edital n\u00ba 46\/2018.<\/p>\n<p>A \u00a0rela\u00e7\u00e3o dos alunos deferidos, indeferido e em lista de espera, por CPF, pode ser acompanhado\u00a0<a class=\"internal-link\" title=\"\" href=\"http:\/\/www.ifpb.edu.br\/monteiro\/editais\/direcao-geral\/2018\/resultado-final-do-edital-no-46-2018\/edital-no-46_2018-campus-monteiro-resultado-final.pdf\" target=\"_self\">clicando aqui<\/a>.<\/p>\n<p>A CAEST convoca todos selecionados para uma reuni\u00e3o obrigat\u00f3ria de orienta\u00e7\u00e3o e cadastramento, no miniaudit\u00f3rio do campus, sendo o dia 19 para quem foi selecionado nos Programas de Alimenta\u00e7\u00e3o e Moradia,\u00a0nos hor\u00e1rios de 13:30, para estudantes do integrado e 19:50 para os alunos do subsequente e cursos superiores. J\u00e1 o dia 20 de setembro ser\u00e1 destinado para os selecionados do\u00a0Programa de Transporte Estudantil,\u00a0nos hor\u00e1rios de 13:30, para estudantes do integrado e 19:50 para os alunos do subsequente e cursos superiores. Os menores de 18 anos devem comparecer acompanhado dos pais ou respons\u00e1veis.<\/p>\n<p><strong>IFPB<\/strong><\/p>\n<p>Cariri em A\u00e7\u00e3o<\/p>\n<p>Leia mais not\u00edcias em\u00a0<a href=\"http:\/\/www.caririemacao.com\/\">caririemacao.com<\/a>, siga nossa p\u00e1gina no\u00a0<a href=\"https:\/\/www.facebook.com\/CaririEmAcao\/?ref=aymt_homepage_panel\">Facebook<\/a>,\u00a0<a href=\"https:\/\/www.instagram.com\/cariri_em_acao\/?hl=pt-br\">Instagram<\/a>\u00a0e\u00a0<a href=\"https:\/\/www.youtube.com\/channel\/UCAptA0jQuYQy8vMhLt2m4qg\">Youtube<\/a>\u00a0e veja nossas mat\u00e9rias, v\u00eddeos e fotos. Voc\u00ea tamb\u00e9m pode enviar informa\u00e7\u00f5es \u00e0 Reda\u00e7\u00e3o do Portal Cariri em A\u00e7\u00e3o pelo WhatsApp (83) 9 9634.5791, (83) 9 9601-1162.<\/p>\n<\/div>\n","protected":false},"excerpt":{"rendered":"<p>O Instituto Federal da Para\u00edba \u2013 Campus Monteiro, atrav\u00e9s da Coordena\u00e7\u00e3o de Assist\u00eancia Estudantil (CAEST), \u00a0torna p\u00fablico o Resultado Final do Processo Seletivo dos Programas&hellip; <\/p>\n","protected":false},"author":1,"featured_media":65332,"comment_status":"closed","ping_status":"closed","sticky":false,"template":"","format":"standard","meta":{"sfsi_plus_gutenberg_text_before_share":"","sfsi_plus_gutenberg_show_text_before_share":"","sfsi_plus_gutenberg_icon_type":"","sfsi_plus_gutenberg_icon_alignemt":"","sfsi_plus_gutenburg_max_per_row":"","footnotes":""},"categories":[14],"tags":[],"class_list":["post-65331","post","type-post","status-publish","format-standard","has-post-thumbnail","hentry","category-educacao"],"_links":{"self":[{"href":"https:\/\/www.caririemacao.com\/1\/wp-json\/wp\/v2\/posts\/65331","targetHints":{"allow":["GET"]}}],"collection":[{"href":"https:\/\/www.caririemacao.com\/1\/wp-json\/wp\/v2\/posts"}],"about":[{"href":"https:\/\/www.caririemacao.com\/1\/wp-json\/wp\/v2\/types\/post"}],"author":[{"embeddable":true,"href":"https:\/\/www.caririemacao.com\/1\/wp-json\/wp\/v2\/users\/1"}],"replies":[{"embeddable":true,"href":"https:\/\/www.caririemacao.com\/1\/wp-json\/wp\/v2\/comments?post=65331"}],"version-history":[{"count":1,"href":"https:\/\/www.caririemacao.com\/1\/wp-json\/wp\/v2\/posts\/65331\/revisions"}],"predecessor-version":[{"id":65333,"href":"https:\/\/www.caririemacao.com\/1\/wp-json\/wp\/v2\/posts\/65331\/revisions\/65333"}],"wp:featuredmedia":[{"embeddable":true,"href":"https:\/\/www.caririemacao.com\/1\/wp-json\/wp\/v2\/media\/65332"}],"wp:attachment":[{"href":"https:\/\/www.caririemacao.com\/1\/wp-json\/wp\/v2\/media?parent=65331"}],"wp:term":[{"taxonomy":"category","embeddable":true,"href":"https:\/\/www.caririemacao.com\/1\/wp-json\/wp\/v2\/categories?post=65331"},{"taxonomy":"post_tag","embeddable":true,"href":"https:\/\/www.caririemacao.com\/1\/wp-json\/wp\/v2\/tags?post=65331"}],"curies":[{"name":"wp","href":"https:\/\/api.w.org\/{rel}","templated":true}]}}