{"id":65334,"date":"2018-09-18T23:00:57","date_gmt":"2018-09-19T02:00:57","guid":{"rendered":"http:\/\/www.caririemacao.com\/1\/?p=65334"},"modified":"2018-09-18T23:00:57","modified_gmt":"2018-09-19T02:00:57","slug":"instituto-victor-santos-sera-inaugurado-neste-sabado-na-prata","status":"publish","type":"post","link":"https:\/\/www.caririemacao.com\/1\/2018\/09\/18\/instituto-victor-santos-sera-inaugurado-neste-sabado-na-prata\/","title":{"rendered":"Instituto Victor Santos ser\u00e1 inaugurado neste s\u00e1bado na Prata"},"content":{"rendered":"<p>O Centro M\u00e9dico Odontol\u00f3gico \u201c<strong>Instituto Victor Santos\u201d<\/strong> ser\u00e1 inaugurado neste s\u00e1bado, dia 22, a partir das 19h, na Rua Amaro Jos\u00e9 de Melo, no munic\u00edpio de Prata no Cariri Paraibano.<\/p>\n<p><img fetchpriority=\"high\" decoding=\"async\" class=\"size-medium wp-image-65336 aligncenter\" src=\"http:\/\/www.caririemacao.com\/1\/wp-content\/uploads\/2018\/09\/pp-300x300.jpg\" alt=\"\" width=\"300\" height=\"300\" srcset=\"https:\/\/www.caririemacao.com\/1\/wp-content\/uploads\/2018\/09\/pp-300x300.jpg 300w, https:\/\/www.caririemacao.com\/1\/wp-content\/uploads\/2018\/09\/pp-150x150.jpg 150w, https:\/\/www.caririemacao.com\/1\/wp-content\/uploads\/2018\/09\/pp.jpg 640w\" sizes=\"(max-width: 300px) 100vw, 300px\" \/><\/p>\n<p>Segundo o Dr. Victor, respons\u00e1vel pelo Centro M\u00e9dico Odontol\u00f3gico, o <strong>Instituto Victor Santos<\/strong> ter\u00e1 como base o conceito de atendimento diferenciado e humanizado. O \u201c<strong>Instituto Victor Santos\u201d<\/strong> \u00e9 uma op\u00e7\u00e3o para voc\u00ea que busca atendimento de qualidade.<\/p>\n<p>\u201cConvido toda popula\u00e7\u00e3o, meus amigos e em especial meus familiares, para participar desta inaugura\u00e7\u00e3o que traz um novo conceito em medicina e odontologia na regi\u00e3o do Cariri Paraibano. Toda a equipe est\u00e1 preparada para prestar os melhores servi\u00e7os de sa\u00fade pautados na Humaniza\u00e7\u00e3o, respeito \u00e0 Vida e \u00c9tica\u201d, convidou.<\/p>\n","protected":false},"excerpt":{"rendered":"<p>O Centro M\u00e9dico Odontol\u00f3gico \u201cInstituto Victor Santos\u201d ser\u00e1 inaugurado neste s\u00e1bado, dia 22, a partir das 19h, na Rua Amaro Jos\u00e9 de Melo, no munic\u00edpio&hellip; <\/p>\n","protected":false},"author":2,"featured_media":65335,"comment_status":"closed","ping_status":"closed","sticky":false,"template":"","format":"standard","meta":{"sfsi_plus_gutenberg_text_before_share":"","sfsi_plus_gutenberg_show_text_before_share":"","sfsi_plus_gutenberg_icon_type":"","sfsi_plus_gutenberg_icon_alignemt":"","sfsi_plus_gutenburg_max_per_row":"","footnotes":""},"categories":[6],"tags":[],"class_list":["post-65334","post","type-post","status-publish","format-standard","has-post-thumbnail","hentry","category-cidades"],"_links":{"self":[{"href":"https:\/\/www.caririemacao.com\/1\/wp-json\/wp\/v2\/posts\/65334","targetHints":{"allow":["GET"]}}],"collection":[{"href":"https:\/\/www.caririemacao.com\/1\/wp-json\/wp\/v2\/posts"}],"about":[{"href":"https:\/\/www.caririemacao.com\/1\/wp-json\/wp\/v2\/types\/post"}],"author":[{"embeddable":true,"href":"https:\/\/www.caririemacao.com\/1\/wp-json\/wp\/v2\/users\/2"}],"replies":[{"embeddable":true,"href":"https:\/\/www.caririemacao.com\/1\/wp-json\/wp\/v2\/comments?post=65334"}],"version-history":[{"count":1,"href":"https:\/\/www.caririemacao.com\/1\/wp-json\/wp\/v2\/posts\/65334\/revisions"}],"predecessor-version":[{"id":65337,"href":"https:\/\/www.caririemacao.com\/1\/wp-json\/wp\/v2\/posts\/65334\/revisions\/65337"}],"wp:featuredmedia":[{"embeddable":true,"href":"https:\/\/www.caririemacao.com\/1\/wp-json\/wp\/v2\/media\/65335"}],"wp:attachment":[{"href":"https:\/\/www.caririemacao.com\/1\/wp-json\/wp\/v2\/media?parent=65334"}],"wp:term":[{"taxonomy":"category","embeddable":true,"href":"https:\/\/www.caririemacao.com\/1\/wp-json\/wp\/v2\/categories?post=65334"},{"taxonomy":"post_tag","embeddable":true,"href":"https:\/\/www.caririemacao.com\/1\/wp-json\/wp\/v2\/tags?post=65334"}],"curies":[{"name":"wp","href":"https:\/\/api.w.org\/{rel}","templated":true}]}}