{"id":65338,"date":"2018-09-18T23:10:10","date_gmt":"2018-09-19T02:10:10","guid":{"rendered":"http:\/\/www.caririemacao.com\/1\/?p=65338"},"modified":"2018-09-18T23:10:10","modified_gmt":"2018-09-19T02:10:10","slug":"gurjao-sediara-vii-enecar","status":"publish","type":"post","link":"https:\/\/www.caririemacao.com\/1\/2018\/09\/18\/gurjao-sediara-vii-enecar\/","title":{"rendered":"Gurj\u00e3o sediar\u00e1 VII ENECAR"},"content":{"rendered":"<p>O s\u00e9timo Encontro Espirita do Cariri ser\u00e1 realizado na cidade de Gurj\u00e3o, no Cariri Paraibano, nos dias 22 e 23 de agosto.<\/p>\n<p>O encontro, organizado pelo N\u00facleo Esp\u00edrita Francisco de Assis (NEFA) ser\u00e1 na Creche Municipal Maria Graciete Ramos de Castro, iniciando no dia 22, \u00e0s 9h.<\/p>\n<p>De acordo com a organiza\u00e7\u00e3o, o evento tem o apoio da Federa\u00e7\u00e3o Esp\u00edrita da Para\u00edba, Lar de Maria, Prefeitura de Gurj\u00e3o e TV Chico Xavier.<\/p>\n","protected":false},"excerpt":{"rendered":"<p>O s\u00e9timo Encontro Espirita do Cariri ser\u00e1 realizado na cidade de Gurj\u00e3o, no Cariri Paraibano, nos dias 22 e 23 de agosto. O encontro, organizado&hellip; <\/p>\n","protected":false},"author":2,"featured_media":24029,"comment_status":"closed","ping_status":"closed","sticky":false,"template":"","format":"standard","meta":{"sfsi_plus_gutenberg_text_before_share":"","sfsi_plus_gutenberg_show_text_before_share":"","sfsi_plus_gutenberg_icon_type":"","sfsi_plus_gutenberg_icon_alignemt":"","sfsi_plus_gutenburg_max_per_row":"","footnotes":""},"categories":[2],"tags":[],"class_list":["post-65338","post","type-post","status-publish","format-standard","has-post-thumbnail","hentry","category-geral"],"_links":{"self":[{"href":"https:\/\/www.caririemacao.com\/1\/wp-json\/wp\/v2\/posts\/65338","targetHints":{"allow":["GET"]}}],"collection":[{"href":"https:\/\/www.caririemacao.com\/1\/wp-json\/wp\/v2\/posts"}],"about":[{"href":"https:\/\/www.caririemacao.com\/1\/wp-json\/wp\/v2\/types\/post"}],"author":[{"embeddable":true,"href":"https:\/\/www.caririemacao.com\/1\/wp-json\/wp\/v2\/users\/2"}],"replies":[{"embeddable":true,"href":"https:\/\/www.caririemacao.com\/1\/wp-json\/wp\/v2\/comments?post=65338"}],"version-history":[{"count":1,"href":"https:\/\/www.caririemacao.com\/1\/wp-json\/wp\/v2\/posts\/65338\/revisions"}],"predecessor-version":[{"id":65339,"href":"https:\/\/www.caririemacao.com\/1\/wp-json\/wp\/v2\/posts\/65338\/revisions\/65339"}],"wp:featuredmedia":[{"embeddable":true,"href":"https:\/\/www.caririemacao.com\/1\/wp-json\/wp\/v2\/media\/24029"}],"wp:attachment":[{"href":"https:\/\/www.caririemacao.com\/1\/wp-json\/wp\/v2\/media?parent=65338"}],"wp:term":[{"taxonomy":"category","embeddable":true,"href":"https:\/\/www.caririemacao.com\/1\/wp-json\/wp\/v2\/categories?post=65338"},{"taxonomy":"post_tag","embeddable":true,"href":"https:\/\/www.caririemacao.com\/1\/wp-json\/wp\/v2\/tags?post=65338"}],"curies":[{"name":"wp","href":"https:\/\/api.w.org\/{rel}","templated":true}]}}