{"id":65346,"date":"2018-09-19T08:43:33","date_gmt":"2018-09-19T11:43:33","guid":{"rendered":"http:\/\/www.caririemacao.com\/1\/?p=65346"},"modified":"2018-09-19T08:43:33","modified_gmt":"2018-09-19T11:43:33","slug":"candidatos-ao-governo-do-estado-concedem-entrevistas-e-participam-de-debate-nesta-quarta-feira","status":"publish","type":"post","link":"https:\/\/www.caririemacao.com\/1\/2018\/09\/19\/candidatos-ao-governo-do-estado-concedem-entrevistas-e-participam-de-debate-nesta-quarta-feira\/","title":{"rendered":"Candidatos ao Governo do Estado concedem entrevistas e participam de debate nesta quarta-feira"},"content":{"rendered":"<p>Os candidatos ao Governo do Estado gravam para o guia eleitoral, concedem entrevistas e participam de debate nesta quarta-feira (19).<\/p>\n<p><strong>Confira a agenda completa:<\/strong><\/p>\n<p><strong>Jo\u00e3o Azev\u00eado (PSB)<\/strong><\/p>\n<p>Manh\u00e3 \u2013 Grava para o guia eleitoral<\/p>\n<p>Tarde \u2013 Se re\u00fane com coordena\u00e7\u00e3o de campanha<\/p>\n<p>Noite \u2013 18h25 \u2013 Participa de debate na TV Borborema \u2013 Campina Grande<\/p>\n<p><strong>Jos\u00e9 Maranh\u00e3o (MDB)<\/strong><\/p>\n<p>Manh\u00e3\u00a0 \u2013\u00a07h \u2013 Visita feira de Jaguaribe<\/p>\n<p>10h \u2013 Entrevista na R\u00e1dio CBN<\/p>\n<p>11h30 \u2013 Entrevista TV Tamba\u00fa<\/p>\n<p>Tarde \u2013\u00a017h \u2013 Debate TV Borborema em Campina Grande<\/p>\n<p>Noite \u2013\u00a020h \u2013 Reuni\u00e3o com trade tur\u00edstico de Campina Grande<\/p>\n<p><strong>Luc\u00e9lio Cartaxo (PV)<\/strong><\/p>\n<p>Manh\u00e3 \u2013 9h \u2013 Reuni\u00e3o com equipe de campanha<\/p>\n<p>Tarde \u2013 13h40 \u2013 Entrevista TV Correio<\/p>\n<p>17h45 \u2013 Debate TV Borborema<\/p>\n<p><strong>Rama Dantas (PSTU)<\/strong><\/p>\n<p>Manh\u00e3 \u2013 9h \u2013 Debate na UEPB<\/p>\n<p>Tarde \u2013 14h \u2013 Prepara\u00e7\u00e3o para debate<\/p>\n<p>Noite \u2013 18h \u2013 Debate na TV Borborema de Campina Grande<\/p>\n<p><strong>T\u00e1rcio Teixeira (PSOL)<\/strong><strong>\u00a0<\/strong><\/p>\n<p>Manh\u00e3 \u2013\u00a05h \u2013 Panfletagem na AeC \u2013 Campina Grande<\/p>\n<p>Tarde \u2013\u00a0Prepara\u00e7\u00e3o para debate na TV Borborema<\/p>\n<p>Noite \u2013\u00a018h \u2013 Debate na TV Borborema<\/p>\n<p>Blog do Goridinho<\/p>\n<p>Cariri em A\u00e7\u00e3o<\/p>\n<p>Leia mais not\u00edcias em\u00a0<a href=\"http:\/\/www.caririemacao.com\/\">caririemacao.com<\/a>, siga nossa p\u00e1gina no\u00a0<a href=\"https:\/\/www.facebook.com\/CaririEmAcao\/?ref=aymt_homepage_panel\">Facebook<\/a>,\u00a0<a href=\"https:\/\/www.instagram.com\/cariri_em_acao\/?hl=pt-br\">Instagram<\/a>\u00a0e\u00a0<a href=\"https:\/\/www.youtube.com\/channel\/UCAptA0jQuYQy8vMhLt2m4qg\">Youtube<\/a>\u00a0e veja nossas mat\u00e9rias, v\u00eddeos e fotos. Voc\u00ea tamb\u00e9m pode enviar informa\u00e7\u00f5es \u00e0 Reda\u00e7\u00e3o do Portal Cariri em A\u00e7\u00e3o pelo WhatsApp (83) 9 9634.5791, (83) 9 9601-1162.<\/p>\n","protected":false},"excerpt":{"rendered":"<p>Os candidatos ao Governo do Estado gravam para o guia eleitoral, concedem entrevistas e participam de debate nesta quarta-feira (19). Confira a agenda completa: Jo\u00e3o&hellip; <\/p>\n","protected":false},"author":1,"featured_media":64929,"comment_status":"closed","ping_status":"closed","sticky":false,"template":"","format":"standard","meta":{"sfsi_plus_gutenberg_text_before_share":"","sfsi_plus_gutenberg_show_text_before_share":"","sfsi_plus_gutenberg_icon_type":"","sfsi_plus_gutenberg_icon_alignemt":"","sfsi_plus_gutenburg_max_per_row":"","footnotes":""},"categories":[1],"tags":[],"class_list":["post-65346","post","type-post","status-publish","format-standard","has-post-thumbnail","hentry","category-o-site"],"_links":{"self":[{"href":"https:\/\/www.caririemacao.com\/1\/wp-json\/wp\/v2\/posts\/65346","targetHints":{"allow":["GET"]}}],"collection":[{"href":"https:\/\/www.caririemacao.com\/1\/wp-json\/wp\/v2\/posts"}],"about":[{"href":"https:\/\/www.caririemacao.com\/1\/wp-json\/wp\/v2\/types\/post"}],"author":[{"embeddable":true,"href":"https:\/\/www.caririemacao.com\/1\/wp-json\/wp\/v2\/users\/1"}],"replies":[{"embeddable":true,"href":"https:\/\/www.caririemacao.com\/1\/wp-json\/wp\/v2\/comments?post=65346"}],"version-history":[{"count":1,"href":"https:\/\/www.caririemacao.com\/1\/wp-json\/wp\/v2\/posts\/65346\/revisions"}],"predecessor-version":[{"id":65347,"href":"https:\/\/www.caririemacao.com\/1\/wp-json\/wp\/v2\/posts\/65346\/revisions\/65347"}],"wp:featuredmedia":[{"embeddable":true,"href":"https:\/\/www.caririemacao.com\/1\/wp-json\/wp\/v2\/media\/64929"}],"wp:attachment":[{"href":"https:\/\/www.caririemacao.com\/1\/wp-json\/wp\/v2\/media?parent=65346"}],"wp:term":[{"taxonomy":"category","embeddable":true,"href":"https:\/\/www.caririemacao.com\/1\/wp-json\/wp\/v2\/categories?post=65346"},{"taxonomy":"post_tag","embeddable":true,"href":"https:\/\/www.caririemacao.com\/1\/wp-json\/wp\/v2\/tags?post=65346"}],"curies":[{"name":"wp","href":"https:\/\/api.w.org\/{rel}","templated":true}]}}