{"id":65358,"date":"2018-09-19T10:32:43","date_gmt":"2018-09-19T13:32:43","guid":{"rendered":"http:\/\/www.caririemacao.com\/1\/?p=65358"},"modified":"2018-09-19T10:32:43","modified_gmt":"2018-09-19T13:32:43","slug":"novo-helicoptero-da-policia-militar-e-apresentado-na-pb","status":"publish","type":"post","link":"https:\/\/www.caririemacao.com\/1\/2018\/09\/19\/novo-helicoptero-da-policia-militar-e-apresentado-na-pb\/","title":{"rendered":"Novo helic\u00f3ptero da Pol\u00edcia Militar \u00e9 apresentado na PB"},"content":{"rendered":"<p>A Para\u00edba recebe nesta quarta-feira (19), o Acau\u00e3 2, o novo helic\u00f3ptero da Secretaria de Estado da Seguran\u00e7a e da Defesa Social. A aeronave ser\u00e1 utilizada em ocorr\u00eancias de grande porte, que envolvam policiamento a\u00e9reo, salvamento aqu\u00e1tico, resgate de v\u00edtimas e combate a inc\u00eandios. A apresenta\u00e7\u00e3o da aeronave ser\u00e1 feita \u00e0s 10h, no Parque do Povo, em Campina Grande.<\/p>\n<p>De acordo com o governo a chegada do Acau\u00e3 2 vai garantir que o atendimento das ocorr\u00eancias demandadas pelo Centro Integrado de Opera\u00e7\u00f5es Policiais (Ciop) n\u00e3o sofra interrup\u00e7\u00e3o, j\u00e1 que um plano de manuten\u00e7\u00e3o de cada aeronave possibilitar\u00e1 sempre outro helic\u00f3ptero dispon\u00edvel, mesmo com a cobertura entre dois territ\u00f3rios.<\/p>\n<p>A nova aeronave possui prefixo PP\u2013CPB pela Ag\u00eancia Nacional de Avia\u00e7\u00e3o Civil (Anac).<\/p>\n<p><em><strong>Portal Correio\/Foto: Divulga\u00e7\u00e3o \/ Secom-PB<\/strong><\/em><\/p>\n","protected":false},"excerpt":{"rendered":"<p>A Para\u00edba recebe nesta quarta-feira (19), o Acau\u00e3 2, o novo helic\u00f3ptero da Secretaria de Estado da Seguran\u00e7a e da Defesa Social. A aeronave ser\u00e1&hellip; <\/p>\n","protected":false},"author":1,"featured_media":65359,"comment_status":"closed","ping_status":"closed","sticky":false,"template":"","format":"standard","meta":{"sfsi_plus_gutenberg_text_before_share":"","sfsi_plus_gutenberg_show_text_before_share":"","sfsi_plus_gutenberg_icon_type":"","sfsi_plus_gutenberg_icon_alignemt":"","sfsi_plus_gutenburg_max_per_row":"","footnotes":""},"categories":[12],"tags":[],"class_list":["post-65358","post","type-post","status-publish","format-standard","has-post-thumbnail","hentry","category-policia"],"_links":{"self":[{"href":"https:\/\/www.caririemacao.com\/1\/wp-json\/wp\/v2\/posts\/65358","targetHints":{"allow":["GET"]}}],"collection":[{"href":"https:\/\/www.caririemacao.com\/1\/wp-json\/wp\/v2\/posts"}],"about":[{"href":"https:\/\/www.caririemacao.com\/1\/wp-json\/wp\/v2\/types\/post"}],"author":[{"embeddable":true,"href":"https:\/\/www.caririemacao.com\/1\/wp-json\/wp\/v2\/users\/1"}],"replies":[{"embeddable":true,"href":"https:\/\/www.caririemacao.com\/1\/wp-json\/wp\/v2\/comments?post=65358"}],"version-history":[{"count":1,"href":"https:\/\/www.caririemacao.com\/1\/wp-json\/wp\/v2\/posts\/65358\/revisions"}],"predecessor-version":[{"id":65360,"href":"https:\/\/www.caririemacao.com\/1\/wp-json\/wp\/v2\/posts\/65358\/revisions\/65360"}],"wp:featuredmedia":[{"embeddable":true,"href":"https:\/\/www.caririemacao.com\/1\/wp-json\/wp\/v2\/media\/65359"}],"wp:attachment":[{"href":"https:\/\/www.caririemacao.com\/1\/wp-json\/wp\/v2\/media?parent=65358"}],"wp:term":[{"taxonomy":"category","embeddable":true,"href":"https:\/\/www.caririemacao.com\/1\/wp-json\/wp\/v2\/categories?post=65358"},{"taxonomy":"post_tag","embeddable":true,"href":"https:\/\/www.caririemacao.com\/1\/wp-json\/wp\/v2\/tags?post=65358"}],"curies":[{"name":"wp","href":"https:\/\/api.w.org\/{rel}","templated":true}]}}