{"id":65365,"date":"2018-09-19T11:26:49","date_gmt":"2018-09-19T14:26:49","guid":{"rendered":"http:\/\/www.caririemacao.com\/1\/?p=65365"},"modified":"2018-09-19T11:26:49","modified_gmt":"2018-09-19T14:26:49","slug":"agua-da-transposicao-volta-a-ser-bombeada-para-a-regiao-do-cariri-paraibano","status":"publish","type":"post","link":"https:\/\/www.caririemacao.com\/1\/2018\/09\/19\/agua-da-transposicao-volta-a-ser-bombeada-para-a-regiao-do-cariri-paraibano\/","title":{"rendered":"\u00c1gua da Transposi\u00e7\u00e3o volta a ser bombeada para a regi\u00e3o do Cariri Paraibano"},"content":{"rendered":"<p>As \u00e1guas da Transposi\u00e7\u00e3o do Rio S\u00e3o Francisco voltaram a ser bombeadas no Eixo Leste na manh\u00e3 desta quarta-feira (19). O bombeamento estava suspenso desde o in\u00edcio das reformas nos mananciais de Po\u00e7\u00f5es e Camala\u00fa. De acordo com informa\u00e7\u00f5es do Dnocs, a obra estava apta para voltar a receber as \u00e1guas desde o dia 5 agosto.<\/p>\n<p>O Minist\u00e9rio da Integra\u00e7\u00e3o havia informado que as \u00e1guas do Rio S\u00e3o Francisco seriam liberadas novamente para as barragens de Po\u00e7\u00f5es e Camala\u00fa at\u00e9 o final de setembro.<\/p>\n<p>De acordo com informa\u00e7\u00f5es do Minist\u00e9rio P\u00fablico Federal (MPF) em Monteiro, ainda nas pr\u00f3ximas horas a \u00e1gua deve passar pela barreira e chegar at\u00e9 o Rio Para\u00edba.<\/p>\n<p><strong><em>Clickpb\/Foto: Reprodu\u00e7\u00e3o\u00a0<\/em><\/strong><\/p>\n","protected":false},"excerpt":{"rendered":"<p>As \u00e1guas da Transposi\u00e7\u00e3o do Rio S\u00e3o Francisco voltaram a ser bombeadas no Eixo Leste na manh\u00e3 desta quarta-feira (19). O bombeamento estava suspenso desde&hellip; <\/p>\n","protected":false},"author":1,"featured_media":65366,"comment_status":"closed","ping_status":"closed","sticky":false,"template":"","format":"standard","meta":{"sfsi_plus_gutenberg_text_before_share":"","sfsi_plus_gutenberg_show_text_before_share":"","sfsi_plus_gutenberg_icon_type":"","sfsi_plus_gutenberg_icon_alignemt":"","sfsi_plus_gutenburg_max_per_row":"","footnotes":""},"categories":[2],"tags":[],"class_list":["post-65365","post","type-post","status-publish","format-standard","has-post-thumbnail","hentry","category-geral"],"_links":{"self":[{"href":"https:\/\/www.caririemacao.com\/1\/wp-json\/wp\/v2\/posts\/65365","targetHints":{"allow":["GET"]}}],"collection":[{"href":"https:\/\/www.caririemacao.com\/1\/wp-json\/wp\/v2\/posts"}],"about":[{"href":"https:\/\/www.caririemacao.com\/1\/wp-json\/wp\/v2\/types\/post"}],"author":[{"embeddable":true,"href":"https:\/\/www.caririemacao.com\/1\/wp-json\/wp\/v2\/users\/1"}],"replies":[{"embeddable":true,"href":"https:\/\/www.caririemacao.com\/1\/wp-json\/wp\/v2\/comments?post=65365"}],"version-history":[{"count":1,"href":"https:\/\/www.caririemacao.com\/1\/wp-json\/wp\/v2\/posts\/65365\/revisions"}],"predecessor-version":[{"id":65367,"href":"https:\/\/www.caririemacao.com\/1\/wp-json\/wp\/v2\/posts\/65365\/revisions\/65367"}],"wp:featuredmedia":[{"embeddable":true,"href":"https:\/\/www.caririemacao.com\/1\/wp-json\/wp\/v2\/media\/65366"}],"wp:attachment":[{"href":"https:\/\/www.caririemacao.com\/1\/wp-json\/wp\/v2\/media?parent=65365"}],"wp:term":[{"taxonomy":"category","embeddable":true,"href":"https:\/\/www.caririemacao.com\/1\/wp-json\/wp\/v2\/categories?post=65365"},{"taxonomy":"post_tag","embeddable":true,"href":"https:\/\/www.caririemacao.com\/1\/wp-json\/wp\/v2\/tags?post=65365"}],"curies":[{"name":"wp","href":"https:\/\/api.w.org\/{rel}","templated":true}]}}