{"id":65374,"date":"2018-09-19T12:04:52","date_gmt":"2018-09-19T15:04:52","guid":{"rendered":"http:\/\/www.caririemacao.com\/1\/?p=65374"},"modified":"2018-09-19T12:04:52","modified_gmt":"2018-09-19T15:04:52","slug":"agua-de-boqueirao-da-para-abastecer-cidades-paraibanas-garante-especialista","status":"publish","type":"post","link":"https:\/\/www.caririemacao.com\/1\/2018\/09\/19\/agua-de-boqueirao-da-para-abastecer-cidades-paraibanas-garante-especialista\/","title":{"rendered":"\u00c1gua de Boqueir\u00e3o d\u00e1 para abastecer cidades paraibanas, garante especialista"},"content":{"rendered":"<div class=\"titulo\">\n<p>O especialista em recursos h\u00eddricos Isnaldo C\u00e2ndido comentou sobre o a\u00e7ude de Boqueir\u00e3o destacando que o volume de \u00e1gua existente no manancial pode atender \u00e0 demanda dos 19 munic\u00edpios do Estado abastecidos pelo manancial at\u00e9 o fim deste ano.<\/p>\n<p>\u2013 Estamos \u00a0numa fase, dentro da parte climatol\u00f3gica, que o segundo semestre n\u00e3o chove. No tocante ao A\u00e7ude Epit\u00e1cio Pessoa, o volume de \u00e1gua armazenado com o inverno de 2018 deu para dar um al\u00edvio dentro de toda demanda que est\u00e1 tendo hoje. O volume de hoje est\u00e1 em torno de 118 milh\u00f5es e d\u00e1 em torno de 28,8%. Temos em 2018 um volume que atende \u00e0s demandas at\u00e9 dezembro. N\u00e3o estou dizendo que a \u00e1gua n\u00e3o vai dar para 2019 \u2013 frisou.<\/p>\n<p><em><strong>R\u00e1dio 101. 1 FM\/Foto: Internet\u00a0<\/strong><\/em><\/p>\n<\/div>\n","protected":false},"excerpt":{"rendered":"<p>O especialista em recursos h\u00eddricos Isnaldo C\u00e2ndido comentou sobre o a\u00e7ude de Boqueir\u00e3o destacando que o volume de \u00e1gua existente no manancial pode atender \u00e0&hellip; <\/p>\n","protected":false},"author":1,"featured_media":47556,"comment_status":"closed","ping_status":"closed","sticky":false,"template":"","format":"standard","meta":{"sfsi_plus_gutenberg_text_before_share":"","sfsi_plus_gutenberg_show_text_before_share":"","sfsi_plus_gutenberg_icon_type":"","sfsi_plus_gutenberg_icon_alignemt":"","sfsi_plus_gutenburg_max_per_row":"","footnotes":""},"categories":[6],"tags":[],"class_list":["post-65374","post","type-post","status-publish","format-standard","has-post-thumbnail","hentry","category-cidades"],"_links":{"self":[{"href":"https:\/\/www.caririemacao.com\/1\/wp-json\/wp\/v2\/posts\/65374","targetHints":{"allow":["GET"]}}],"collection":[{"href":"https:\/\/www.caririemacao.com\/1\/wp-json\/wp\/v2\/posts"}],"about":[{"href":"https:\/\/www.caririemacao.com\/1\/wp-json\/wp\/v2\/types\/post"}],"author":[{"embeddable":true,"href":"https:\/\/www.caririemacao.com\/1\/wp-json\/wp\/v2\/users\/1"}],"replies":[{"embeddable":true,"href":"https:\/\/www.caririemacao.com\/1\/wp-json\/wp\/v2\/comments?post=65374"}],"version-history":[{"count":1,"href":"https:\/\/www.caririemacao.com\/1\/wp-json\/wp\/v2\/posts\/65374\/revisions"}],"predecessor-version":[{"id":65375,"href":"https:\/\/www.caririemacao.com\/1\/wp-json\/wp\/v2\/posts\/65374\/revisions\/65375"}],"wp:featuredmedia":[{"embeddable":true,"href":"https:\/\/www.caririemacao.com\/1\/wp-json\/wp\/v2\/media\/47556"}],"wp:attachment":[{"href":"https:\/\/www.caririemacao.com\/1\/wp-json\/wp\/v2\/media?parent=65374"}],"wp:term":[{"taxonomy":"category","embeddable":true,"href":"https:\/\/www.caririemacao.com\/1\/wp-json\/wp\/v2\/categories?post=65374"},{"taxonomy":"post_tag","embeddable":true,"href":"https:\/\/www.caririemacao.com\/1\/wp-json\/wp\/v2\/tags?post=65374"}],"curies":[{"name":"wp","href":"https:\/\/api.w.org\/{rel}","templated":true}]}}