{"id":65376,"date":"2018-09-19T12:06:59","date_gmt":"2018-09-19T15:06:59","guid":{"rendered":"http:\/\/www.caririemacao.com\/1\/?p=65376"},"modified":"2018-09-19T12:06:59","modified_gmt":"2018-09-19T15:06:59","slug":"uepb-divulga-sexta-chamada-da-lista-de-espera-do-sisu-veja-nomes","status":"publish","type":"post","link":"https:\/\/www.caririemacao.com\/1\/2018\/09\/19\/uepb-divulga-sexta-chamada-da-lista-de-espera-do-sisu-veja-nomes\/","title":{"rendered":"UEPB divulga sexta chamada da Lista de Espera do Sisu; veja nomes"},"content":{"rendered":"<p>A Universidade Estadual da Para\u00edba (UEPB) divulgou, nesta quarta-feira (19), a sexta chamada da Lista de Espera do Sistema de Sele\u00e7\u00e3o Unificada (Sisu) 2018, para ingresso na Institui\u00e7\u00e3o referente ao per\u00edodo 2018.2.\u00a0<a href=\"http:\/\/www.uepb.edu.br\/download\/1_2\/outros_editais\/Sexta-chamada-da-lista-de-espera-20182.pdf\"><strong>Veja os nomes.<\/strong><\/a><\/p>\n<p>Os candidatos convocados nesta chamada devem efetuar matr\u00edcula entre os dias 21 e 24 de setembro, das 8h \u00e0s 12h, na coordena\u00e7\u00e3o do curso para o qual foi aprovado.<\/p>\n<p><strong>Documentos necess\u00e1rios<\/strong><\/p>\n<p>Para a matr\u00edcula, os estudantes selecionados dever\u00e3o apresentar os seguintes documentos (com as respectivas c\u00f3pias autenticadas): certificado de conclus\u00e3o do Ensino M\u00e9dio e hist\u00f3rico escolar; RG; CPF; prova de quita\u00e7\u00e3o com o Servi\u00e7o Militar (no caso de candidatos do sexo masculino); registro de nascimento ou certid\u00e3o de casamento; prova de quita\u00e7\u00e3o com o TRE (para maiores de 18 anos) e uma foto 3\u00d74 recente.<\/p>\n<p>A matr\u00edcula s\u00f3 ser\u00e1 permitida aos estudantes que apresentarem todos os documentos exigidos no Edital, n\u00e3o sendo permitida a complementa\u00e7\u00e3o de documentos posteriormente. Outras informa\u00e7\u00f5es podem ser obtidas pelos telefones (83) 3315-3350.7<\/p>\n<p><em><strong>Ascom\/Foto: Internet\u00a0<\/strong><\/em><\/p>\n","protected":false},"excerpt":{"rendered":"<p>A Universidade Estadual da Para\u00edba (UEPB) divulgou, nesta quarta-feira (19), a sexta chamada da Lista de Espera do Sistema de Sele\u00e7\u00e3o Unificada (Sisu) 2018, para&hellip; <\/p>\n","protected":false},"author":1,"featured_media":44741,"comment_status":"closed","ping_status":"closed","sticky":false,"template":"","format":"standard","meta":{"sfsi_plus_gutenberg_text_before_share":"","sfsi_plus_gutenberg_show_text_before_share":"","sfsi_plus_gutenberg_icon_type":"","sfsi_plus_gutenberg_icon_alignemt":"","sfsi_plus_gutenburg_max_per_row":"","footnotes":""},"categories":[14],"tags":[],"class_list":["post-65376","post","type-post","status-publish","format-standard","has-post-thumbnail","hentry","category-educacao"],"_links":{"self":[{"href":"https:\/\/www.caririemacao.com\/1\/wp-json\/wp\/v2\/posts\/65376","targetHints":{"allow":["GET"]}}],"collection":[{"href":"https:\/\/www.caririemacao.com\/1\/wp-json\/wp\/v2\/posts"}],"about":[{"href":"https:\/\/www.caririemacao.com\/1\/wp-json\/wp\/v2\/types\/post"}],"author":[{"embeddable":true,"href":"https:\/\/www.caririemacao.com\/1\/wp-json\/wp\/v2\/users\/1"}],"replies":[{"embeddable":true,"href":"https:\/\/www.caririemacao.com\/1\/wp-json\/wp\/v2\/comments?post=65376"}],"version-history":[{"count":1,"href":"https:\/\/www.caririemacao.com\/1\/wp-json\/wp\/v2\/posts\/65376\/revisions"}],"predecessor-version":[{"id":65377,"href":"https:\/\/www.caririemacao.com\/1\/wp-json\/wp\/v2\/posts\/65376\/revisions\/65377"}],"wp:featuredmedia":[{"embeddable":true,"href":"https:\/\/www.caririemacao.com\/1\/wp-json\/wp\/v2\/media\/44741"}],"wp:attachment":[{"href":"https:\/\/www.caririemacao.com\/1\/wp-json\/wp\/v2\/media?parent=65376"}],"wp:term":[{"taxonomy":"category","embeddable":true,"href":"https:\/\/www.caririemacao.com\/1\/wp-json\/wp\/v2\/categories?post=65376"},{"taxonomy":"post_tag","embeddable":true,"href":"https:\/\/www.caririemacao.com\/1\/wp-json\/wp\/v2\/tags?post=65376"}],"curies":[{"name":"wp","href":"https:\/\/api.w.org\/{rel}","templated":true}]}}