{"id":65378,"date":"2018-09-19T12:09:33","date_gmt":"2018-09-19T15:09:33","guid":{"rendered":"http:\/\/www.caririemacao.com\/1\/?p=65378"},"modified":"2018-09-19T12:09:33","modified_gmt":"2018-09-19T15:09:33","slug":"ze-maranhao-recebe-importantes-adesoes-incluindo-lideranca-do-psb","status":"publish","type":"post","link":"https:\/\/www.caririemacao.com\/1\/2018\/09\/19\/ze-maranhao-recebe-importantes-adesoes-incluindo-lideranca-do-psb\/","title":{"rendered":"Z\u00e9 Maranh\u00e3o recebe importantes ades\u00f5es incluindo lideran\u00e7a do PSB"},"content":{"rendered":"<p dir=\"ltr\">Mais nomes de peso chegaram para fortalecer a caminhada de volta de \u00a0Z\u00e9 Maranh\u00e3o ao Governo do Estado. Chegaram ades\u00f5es de Barra de Santa Rosa: o ex-prefeito \u00a0Evaldo Costa Gomes (PSDB), o vereador por tr\u00eas mandatos Vetinho (PSD) e as lideran\u00e7as Ded\u00e9 da Milha. Refor\u00e7ou o apoio,o ex-prefeito Solon Diniz (MDB).<\/p>\n<p dir=\"ltr\">O Presidente da C\u00e2mara de Araruna, vereador Adailson Bernardo, filiado h\u00e1 11 anos ao \u00a0PSB escolheu apoiar Maranh\u00e3o. Ele explicou que um dos principais motivos desta decis\u00e3o foi a falta de compromisso com a sa\u00fade. O hospital Maria J\u00falia Maranh\u00e3o est\u00e1 fechado e a n\u00e3o regionaliza\u00e7\u00e3o do hospital em Cacimba de Dentro prejudica todos os moradores da regi\u00e3o. Tamb\u00e9m estiveram presentes no momento da ades\u00e3o Toinho Natanael e a lideran\u00e7a Gilson Ferreira.<\/p>\n<p dir=\"ltr\">O candidato a vice-prefeito de Lagoa de Dentro, Adalberto Pereira \u201cBet\u00e3o\u201d (PROS) tamb\u00e9m est\u00e1 com Z\u00e9. Do munic\u00edpio de Conde, mais ades\u00f5es: o vereador mais votado do munic\u00edpio, Malba de Jacum\u00e3 (Solidariedade), Irm\u00e3o Cac\u00e1 (MDB), suplente de vereador Luiz Bihino (PR), a suplente M\u00e1rjorie Albuquerque (PSD) e as lideran\u00e7as Adriel, Ricardo, Marcelo e Peixe.<\/p>\n<p dir=\"ltr\">\u00a0\u00a0\u00a0\u00a0O presidente da Associa\u00e7\u00e3o dos Servidores da Justi\u00e7a do Trabalho. Astra 13 , S\u00e9rgio Teixeira e o vice Jorge Luna Freire Guerra, com o diretor regional da Associa\u00e7\u00e3o dos Agentes de Seguran\u00e7a Judicial Federal, Agepoljus PB, Evilazio Dantas, tamb\u00e9m receberam a visita de Z\u00e9 Maranh\u00e3o e declararam apoio \u00e0 candidatura.<\/p>\n<p dir=\"ltr\"><em><strong>Ascom\/Fotos: Divulga\u00e7\u00e3o\u00a0<\/strong><\/em><\/p>\n","protected":false},"excerpt":{"rendered":"<p>Mais nomes de peso chegaram para fortalecer a caminhada de volta de \u00a0Z\u00e9 Maranh\u00e3o ao Governo do Estado. Chegaram ades\u00f5es de Barra de Santa Rosa:&hellip; <\/p>\n","protected":false},"author":1,"featured_media":65379,"comment_status":"closed","ping_status":"closed","sticky":false,"template":"","format":"standard","meta":{"sfsi_plus_gutenberg_text_before_share":"","sfsi_plus_gutenberg_show_text_before_share":"","sfsi_plus_gutenberg_icon_type":"","sfsi_plus_gutenberg_icon_alignemt":"","sfsi_plus_gutenburg_max_per_row":"","footnotes":""},"categories":[1],"tags":[],"class_list":["post-65378","post","type-post","status-publish","format-standard","has-post-thumbnail","hentry","category-o-site"],"_links":{"self":[{"href":"https:\/\/www.caririemacao.com\/1\/wp-json\/wp\/v2\/posts\/65378","targetHints":{"allow":["GET"]}}],"collection":[{"href":"https:\/\/www.caririemacao.com\/1\/wp-json\/wp\/v2\/posts"}],"about":[{"href":"https:\/\/www.caririemacao.com\/1\/wp-json\/wp\/v2\/types\/post"}],"author":[{"embeddable":true,"href":"https:\/\/www.caririemacao.com\/1\/wp-json\/wp\/v2\/users\/1"}],"replies":[{"embeddable":true,"href":"https:\/\/www.caririemacao.com\/1\/wp-json\/wp\/v2\/comments?post=65378"}],"version-history":[{"count":1,"href":"https:\/\/www.caririemacao.com\/1\/wp-json\/wp\/v2\/posts\/65378\/revisions"}],"predecessor-version":[{"id":65380,"href":"https:\/\/www.caririemacao.com\/1\/wp-json\/wp\/v2\/posts\/65378\/revisions\/65380"}],"wp:featuredmedia":[{"embeddable":true,"href":"https:\/\/www.caririemacao.com\/1\/wp-json\/wp\/v2\/media\/65379"}],"wp:attachment":[{"href":"https:\/\/www.caririemacao.com\/1\/wp-json\/wp\/v2\/media?parent=65378"}],"wp:term":[{"taxonomy":"category","embeddable":true,"href":"https:\/\/www.caririemacao.com\/1\/wp-json\/wp\/v2\/categories?post=65378"},{"taxonomy":"post_tag","embeddable":true,"href":"https:\/\/www.caririemacao.com\/1\/wp-json\/wp\/v2\/tags?post=65378"}],"curies":[{"name":"wp","href":"https:\/\/api.w.org\/{rel}","templated":true}]}}