{"id":65384,"date":"2018-09-19T12:43:48","date_gmt":"2018-09-19T15:43:48","guid":{"rendered":"http:\/\/www.caririemacao.com\/1\/?p=65384"},"modified":"2018-09-19T12:43:48","modified_gmt":"2018-09-19T15:43:48","slug":"sou-cobrada-mesmo-por-obras-que-se-arrastam-ha-anos-diz-prefeita-de-monteiro","status":"publish","type":"post","link":"https:\/\/www.caririemacao.com\/1\/2018\/09\/19\/sou-cobrada-mesmo-por-obras-que-se-arrastam-ha-anos-diz-prefeita-de-monteiro\/","title":{"rendered":"\u201cSou cobrada mesmo, por obras que se arrastam h\u00e1 anos\u201d, diz prefeita de Monteiro"},"content":{"rendered":"<p><img fetchpriority=\"high\" decoding=\"async\" class=\"alignleft size-medium wp-image-15225\" src=\"http:\/\/www.vitrinedocariri.com.br\/wp-content\/uploads\/2018\/06\/lorena_camara-300x200.jpg\" alt=\"\" width=\"300\" height=\"200\" \/>A prefeita de Monteiro, Anna Lorena, entregou nesta ter\u00e7a-feira, 18, mais uma importante obra, a Academia da Sa\u00fade da Vila Santa Maria.<\/p>\n<p>Esta obra \u00e9 um marco, pois \u00e9 a primeira vez em que uma obra tem sua ordem de servi\u00e7o assinada, \u00e9 executada e entregue \u00e0 popula\u00e7\u00e3o em um per\u00edodo de menos de 09 meses.<\/p>\n<p>\u201cEu sei que estou sendo cobrada, e com muito respeito e com a responsabilidade que eu tenho de ser cobrada mesmo, por uma s\u00e9rie de obras inacabadas que j\u00e1 vem se arrastando durante anos para se concluir, pois como dizem os mais velhos, quem recebe o bom, tamb\u00e9m recebe o ruim\u201d, comentou a prefeita.<\/p>\n<p>\u201cE eu recebi o bom de estar aqui junto com voc\u00eas, e da minha conquista junto ao deputado federal Wellington Roberto, que nos destinou o valor de 92 mil reais, que poderiam ter sido investidos na obra em qualquer outro bairro, mas foi a Vila santa Maria que escolhemos\u201d, completou.<\/p>\n<p>Blog F\u00e1bio Brito<\/p>\n<p>Cariri em A\u00e7\u00e3o<\/p>\n<p>Leia mais not\u00edcias em\u00a0<a href=\"http:\/\/www.caririemacao.com\/\">caririemacao.com<\/a>, siga nossa p\u00e1gina no\u00a0<a href=\"https:\/\/www.facebook.com\/CaririEmAcao\/?ref=aymt_homepage_panel\">Facebook<\/a>,\u00a0<a href=\"https:\/\/www.instagram.com\/cariri_em_acao\/?hl=pt-br\">Instagram<\/a>\u00a0e\u00a0<a href=\"https:\/\/www.youtube.com\/channel\/UCAptA0jQuYQy8vMhLt2m4qg\">Youtube<\/a>\u00a0e veja nossas mat\u00e9rias, v\u00eddeos e fotos. Voc\u00ea tamb\u00e9m pode enviar informa\u00e7\u00f5es \u00e0 Reda\u00e7\u00e3o do Portal Cariri em A\u00e7\u00e3o pelo WhatsApp (83) 9 9634.5791, (83) 9 9601-1162.<\/p>\n","protected":false},"excerpt":{"rendered":"<p>A prefeita de Monteiro, Anna Lorena, entregou nesta ter\u00e7a-feira, 18, mais uma importante obra, a Academia da Sa\u00fade da Vila Santa Maria. Esta obra \u00e9&hellip; <\/p>\n","protected":false},"author":1,"featured_media":43350,"comment_status":"closed","ping_status":"closed","sticky":false,"template":"","format":"standard","meta":{"sfsi_plus_gutenberg_text_before_share":"","sfsi_plus_gutenberg_show_text_before_share":"","sfsi_plus_gutenberg_icon_type":"","sfsi_plus_gutenberg_icon_alignemt":"","sfsi_plus_gutenburg_max_per_row":"","footnotes":""},"categories":[11],"tags":[],"class_list":["post-65384","post","type-post","status-publish","format-standard","has-post-thumbnail","hentry","category-politica"],"_links":{"self":[{"href":"https:\/\/www.caririemacao.com\/1\/wp-json\/wp\/v2\/posts\/65384","targetHints":{"allow":["GET"]}}],"collection":[{"href":"https:\/\/www.caririemacao.com\/1\/wp-json\/wp\/v2\/posts"}],"about":[{"href":"https:\/\/www.caririemacao.com\/1\/wp-json\/wp\/v2\/types\/post"}],"author":[{"embeddable":true,"href":"https:\/\/www.caririemacao.com\/1\/wp-json\/wp\/v2\/users\/1"}],"replies":[{"embeddable":true,"href":"https:\/\/www.caririemacao.com\/1\/wp-json\/wp\/v2\/comments?post=65384"}],"version-history":[{"count":1,"href":"https:\/\/www.caririemacao.com\/1\/wp-json\/wp\/v2\/posts\/65384\/revisions"}],"predecessor-version":[{"id":65385,"href":"https:\/\/www.caririemacao.com\/1\/wp-json\/wp\/v2\/posts\/65384\/revisions\/65385"}],"wp:featuredmedia":[{"embeddable":true,"href":"https:\/\/www.caririemacao.com\/1\/wp-json\/wp\/v2\/media\/43350"}],"wp:attachment":[{"href":"https:\/\/www.caririemacao.com\/1\/wp-json\/wp\/v2\/media?parent=65384"}],"wp:term":[{"taxonomy":"category","embeddable":true,"href":"https:\/\/www.caririemacao.com\/1\/wp-json\/wp\/v2\/categories?post=65384"},{"taxonomy":"post_tag","embeddable":true,"href":"https:\/\/www.caririemacao.com\/1\/wp-json\/wp\/v2\/tags?post=65384"}],"curies":[{"name":"wp","href":"https:\/\/api.w.org\/{rel}","templated":true}]}}