{"id":65389,"date":"2018-09-19T12:53:38","date_gmt":"2018-09-19T15:53:38","guid":{"rendered":"http:\/\/www.caririemacao.com\/1\/?p=65389"},"modified":"2018-09-19T12:53:38","modified_gmt":"2018-09-19T15:53:38","slug":"semana-nacional-de-transito-tem-programacao-divulgada-na-paraiba","status":"publish","type":"post","link":"https:\/\/www.caririemacao.com\/1\/2018\/09\/19\/semana-nacional-de-transito-tem-programacao-divulgada-na-paraiba\/","title":{"rendered":"Semana Nacional de Tr\u00e2nsito tem programa\u00e7\u00e3o divulgada na Para\u00edba"},"content":{"rendered":"<p><a href=\"http:\/\/caririemdestaque.com\/cd\/wp-content\/uploads\/2018\/09\/detran-fachada-foto-kleide-teixeira-1.jpg\"><img fetchpriority=\"high\" decoding=\"async\" class=\"alignnone size-full wp-image-12834\" src=\"http:\/\/caririemdestaque.com\/cd\/wp-content\/uploads\/2018\/09\/detran-fachada-foto-kleide-teixeira-1.jpg\" sizes=\"(max-width: 590px) 100vw, 590px\" srcset=\"http:\/\/caririemdestaque.com\/cd\/wp-content\/uploads\/2018\/09\/detran-fachada-foto-kleide-teixeira-1.jpg 590w, http:\/\/caririemdestaque.com\/cd\/wp-content\/uploads\/2018\/09\/detran-fachada-foto-kleide-teixeira-1-300x225.jpg 300w\" alt=\"\" width=\"590\" height=\"443\" \/><\/a><\/p>\n<p>\u201cSe a gente n\u00e3o se unir, n\u00e3o ir\u00e1 muito longe. \u00c9 preciso a jun\u00e7\u00e3o de todos os segmentos contra essa guerra est\u00fapida, que s\u00e3o as mortes no tr\u00e2nsito porque, al\u00e9m dos n\u00fameros alarmantes, por tr\u00e1s deles est\u00e3o os sequelados, que representam despesas absurdas. A pr\u00f3pria na\u00e7\u00e3o n\u00e3o vai poder dar uma resposta a isso. Simbolicamente, neste momento, pedimos que todos deem as m\u00e3os para combater essa epidemia\u201d.<\/p>\n<p>As afirma\u00e7\u00f5es e apelo s\u00e3o do superintendente do Departamento Estadual de Tr\u00e2nsito (Detran-PB), Agamenon Vieira, durante a abertura da Semana Nacional de Tr\u00e2nsito, nesta ter\u00e7a-feira (18), na sede do \u00f3rg\u00e3o, no Conjunto Mangabeira VII. Este ano a campanha busca lembrar, mais uma vez, os riscos da combina\u00e7\u00e3o de \u00e1lcool e dire\u00e7\u00e3o, propondo que as atividades sejam baseadas no lema do Observat\u00f3rio Nacional de Seguran\u00e7a Vi\u00e1ria \u201cQuando voc\u00ea bebe e dirige, algu\u00e9m sempre se machuca\u201d.<\/p>\n<p>A programa\u00e7\u00e3o se estender\u00e1 at\u00e9 a pr\u00f3xima ter\u00e7a-feira (25), com atividades di\u00e1rias, objetivando conscientizar a popula\u00e7\u00e3o da import\u00e2ncia de cada um na constru\u00e7\u00e3o de um tr\u00e2nsito mais seguro.<\/p>\n<p><strong>PROGRAMA\u00c7\u00c3O DA SEMANA NACIONAL DE TR\u00c2NSITO \u2013 ANO 2018<\/strong><\/p>\n<p><strong><em>Quando voc\u00ea bebe e dirige, algu\u00e9m sempre se machuca<\/em><\/strong><\/p>\n<table>\n<tbody>\n<tr>\n<td width=\"697\">Dia 19\/09 (quarta-feira)<\/td>\n<\/tr>\n<\/tbody>\n<\/table>\n<p><strong>\u00a0<\/strong><\/p>\n<p><strong>Visita \u00e0s v\u00edtimas de acidentes de tr\u00e2nsito<\/strong><\/p>\n<p><strong>Local:<\/strong>\u00a0Hospital de Emerg\u00eancia e Trauma Dom Luiz Gonzaga Fernandes, em Campina Grande.<\/p>\n<p><strong>Hor\u00e1rio:\u00a0<\/strong>9h \u00e0s 18h<\/p>\n<table>\n<tbody>\n<tr>\n<td width=\"695\">Dia 20\/09 (quinta-feira)<\/td>\n<\/tr>\n<\/tbody>\n<\/table>\n<p><strong>\u00a0<\/strong><\/p>\n<p><strong>Palestra sobre educa\u00e7\u00e3o e seguran\u00e7a no tr\u00e2nsito<\/strong><\/p>\n<p><strong>Local:<\/strong>Escolas das redes de ensino em Jo\u00e3o Pessoa e Santa Rita<\/p>\n<p><strong>Hor\u00e1rio:\u00a0<\/strong>8h \u00e0s 17h<\/p>\n<p><em>\u00a0<\/em><\/p>\n<table>\n<tbody>\n<tr>\n<td width=\"695\">Dia 21\/09 (sexta-feira)<\/td>\n<\/tr>\n<\/tbody>\n<\/table>\n<p><strong>Visita de estudantes ao Detran<\/strong><\/p>\n<p><strong>Local:\u00a0<\/strong>Sede do Detran em Mangabeira<\/p>\n<p><strong>Hor\u00e1rio:\u00a0<\/strong>9h \u00e0s 11h<\/p>\n<p><strong>Atividade:\u00a0<\/strong>Visita\u00e7\u00e3o guiada \u00e0s instala\u00e7\u00f5es do \u00f3rg\u00e3o; as crian\u00e7as tamb\u00e9m assistir\u00e3o palestras e oficinas sobre normas e condutas no tr\u00e2nsito.<\/p>\n<table>\n<tbody>\n<tr>\n<td width=\"695\">Dia 22\/09 (s\u00e1bado)<\/td>\n<\/tr>\n<\/tbody>\n<\/table>\n<p><em>\u00a0<\/em><\/p>\n<p><strong>Blitz em parceria com a Opera\u00e7\u00e3o Lei Seca e \u00f3rg\u00e3os de seguran\u00e7a de tr\u00e2nsito<\/strong><\/p>\n<table>\n<tbody>\n<tr>\n<td width=\"695\">DIA 23\/09 (domingo)<\/td>\n<\/tr>\n<\/tbody>\n<\/table>\n<p><em>\u00a0<\/em><\/p>\n<p><strong>Acompanhamento de blitzen da Opera\u00e7\u00e3o Lei Seca em bares e restaurantes da orla de Jo\u00e3o Pessoa.<\/strong><\/p>\n<p><em>\u00a0<\/em><\/p>\n<table>\n<tbody>\n<tr>\n<td width=\"695\">Dia 24\/09 (segunda-feira)<\/td>\n<\/tr>\n<\/tbody>\n<\/table>\n<p><em>\u00a0<\/em><\/p>\n<p><strong>Blitzen educativas<\/strong><\/p>\n<p><strong>Local:\u00a0<\/strong>Principais bairros e avenidas de Jo\u00e3o Pessoa, a exemplo de Mangabeira, Geisel, Valentina de Figueiredo, Jos\u00e9 Am\u00e9rico e Cruz das Armas.<\/p>\n<p><strong>Hor\u00e1rio:\u00a0<\/strong>7h \u00e0s 11h<\/p>\n<p><strong>Atividade:\u00a0<\/strong>Realiza\u00e7\u00e3o de atividades educativas nas avenidas consideradas com maiores \u00edndices de acidentes, com o prop\u00f3sito de orientar motoristas, motociclistas e pedestres.<\/p>\n<p><em>\u00a0<\/em><\/p>\n<table>\n<tbody>\n<tr>\n<td width=\"695\">Dia 25\/09 (ter\u00e7a-feira)<\/td>\n<\/tr>\n<\/tbody>\n<\/table>\n<p><strong>\u00a0<\/strong><\/p>\n<p><strong>Encerramento<\/strong><\/p>\n<p><strong>Local:<\/strong>Hospital de Emerg\u00eancia e Trauma Senador Humberto Lucena, em Jo\u00e3o Pessoa<\/p>\n<p><strong>Hor\u00e1rio:<\/strong>7h \u00e0s 12h<\/p>\n<p><strong>Atividade:\u00a0<\/strong>Visita solid\u00e1ria e palestra, em parceria com demais \u00f3rg\u00e3os estaduais de tr\u00e2nsito.<\/p>\n<p>MaisPB<\/p>\n<p>Cariri em A\u00e7\u00e3o<\/p>\n<p>Leia mais not\u00edcias em\u00a0<a href=\"http:\/\/www.caririemacao.com\/\">caririemacao.com<\/a>, siga nossa p\u00e1gina no\u00a0<a href=\"https:\/\/www.facebook.com\/CaririEmAcao\/?ref=aymt_homepage_panel\">Facebook<\/a>,\u00a0<a href=\"https:\/\/www.instagram.com\/cariri_em_acao\/?hl=pt-br\">Instagram<\/a>\u00a0e\u00a0<a href=\"https:\/\/www.youtube.com\/channel\/UCAptA0jQuYQy8vMhLt2m4qg\">Youtube<\/a>\u00a0e veja nossas mat\u00e9rias, v\u00eddeos e fotos. Voc\u00ea tamb\u00e9m pode enviar informa\u00e7\u00f5es \u00e0 Reda\u00e7\u00e3o do Portal Cariri em A\u00e7\u00e3o pelo WhatsApp (83) 9 9634.5791, (83) 9 9601-1162.<\/p>\n","protected":false},"excerpt":{"rendered":"<p>\u201cSe a gente n\u00e3o se unir, n\u00e3o ir\u00e1 muito longe. \u00c9 preciso a jun\u00e7\u00e3o de todos os segmentos contra essa guerra est\u00fapida, que s\u00e3o as&hellip; <\/p>\n","protected":false},"author":1,"featured_media":50851,"comment_status":"closed","ping_status":"closed","sticky":false,"template":"","format":"standard","meta":{"sfsi_plus_gutenberg_text_before_share":"","sfsi_plus_gutenberg_show_text_before_share":"","sfsi_plus_gutenberg_icon_type":"","sfsi_plus_gutenberg_icon_alignemt":"","sfsi_plus_gutenburg_max_per_row":"","footnotes":""},"categories":[14],"tags":[],"class_list":["post-65389","post","type-post","status-publish","format-standard","has-post-thumbnail","hentry","category-educacao"],"_links":{"self":[{"href":"https:\/\/www.caririemacao.com\/1\/wp-json\/wp\/v2\/posts\/65389","targetHints":{"allow":["GET"]}}],"collection":[{"href":"https:\/\/www.caririemacao.com\/1\/wp-json\/wp\/v2\/posts"}],"about":[{"href":"https:\/\/www.caririemacao.com\/1\/wp-json\/wp\/v2\/types\/post"}],"author":[{"embeddable":true,"href":"https:\/\/www.caririemacao.com\/1\/wp-json\/wp\/v2\/users\/1"}],"replies":[{"embeddable":true,"href":"https:\/\/www.caririemacao.com\/1\/wp-json\/wp\/v2\/comments?post=65389"}],"version-history":[{"count":1,"href":"https:\/\/www.caririemacao.com\/1\/wp-json\/wp\/v2\/posts\/65389\/revisions"}],"predecessor-version":[{"id":65390,"href":"https:\/\/www.caririemacao.com\/1\/wp-json\/wp\/v2\/posts\/65389\/revisions\/65390"}],"wp:featuredmedia":[{"embeddable":true,"href":"https:\/\/www.caririemacao.com\/1\/wp-json\/wp\/v2\/media\/50851"}],"wp:attachment":[{"href":"https:\/\/www.caririemacao.com\/1\/wp-json\/wp\/v2\/media?parent=65389"}],"wp:term":[{"taxonomy":"category","embeddable":true,"href":"https:\/\/www.caririemacao.com\/1\/wp-json\/wp\/v2\/categories?post=65389"},{"taxonomy":"post_tag","embeddable":true,"href":"https:\/\/www.caririemacao.com\/1\/wp-json\/wp\/v2\/tags?post=65389"}],"curies":[{"name":"wp","href":"https:\/\/api.w.org\/{rel}","templated":true}]}}