{"id":65391,"date":"2018-09-19T12:57:13","date_gmt":"2018-09-19T15:57:13","guid":{"rendered":"http:\/\/www.caririemacao.com\/1\/?p=65391"},"modified":"2018-09-19T12:57:13","modified_gmt":"2018-09-19T15:57:13","slug":"sera-que-voce-tem-retracao-gengival-saiba-como-tratar","status":"publish","type":"post","link":"https:\/\/www.caririemacao.com\/1\/2018\/09\/19\/sera-que-voce-tem-retracao-gengival-saiba-como-tratar\/","title":{"rendered":"Ser\u00e1 que voc\u00ea tem retra\u00e7\u00e3o gengival? Saiba como tratar"},"content":{"rendered":"<p class=\"text\">A retra\u00e7\u00e3o gengival acontece sem muito alerda \u00e0 sa\u00fade e como \u00e9 silencioso, poucas pessoas tomam conhecimento e come\u00e7am o tratamento. Dados recentes da OMS indicam que quase 90% da popula\u00e7\u00e3o mundial sofre com inflama\u00e7\u00e3o na gengiva e como a muitos demoram para iniciar um tratamento, o processo evolui at\u00e9 a retra\u00e7\u00e3o.<\/p>\n<p class=\"text\">Queixa comum at\u00e9 mesmo entre pessoas com bons h\u00e1bitos de higiene bucal, a recess\u00e3o ou retra\u00e7\u00e3o gengival \u00e9 o nome dado ao deslocamento da margem da gengiva, que acaba expondo a raiz do dente. Como consequ\u00eancia dessa exposi\u00e7\u00e3o, h\u00e1 um grande inc\u00f4modo, dor e sensibilidade ao ingerir bebidas geladas ou ter contato com jatos de ar.<\/p>\n<p class=\"text\">\u00c9 importante considerar que existem dois tipos de gengiva na nossa boca. A gengiva inserida \u00e9 aquele tecido rosa, mais espesso, respons\u00e1vel por cobrir a raiz dos dentes, estando firmemente aderida ao tecido \u00f3sseo. J\u00e1 a mucosa, ou gengiva n\u00e3o inserida, \u00e9 formada por um tecido fino, macio e m\u00f3vel. \u00c9 ela que forma a parte interna dos l\u00e1bios e das bochechas.<\/p>\n<p class=\"text\">O tecido gengival, portanto, est\u00e1 relacionado \u00e0 gengiva inserida, que funciona como uma esp\u00e9cie de prote\u00e7\u00e3o \u00e0 raiz do dente. O mau posicionamento dent\u00e1rio \u00e9 uma das principais causas da recess\u00e3o. Ao crescerem na posi\u00e7\u00e3o errada, esses dentes desalinhados podem for\u00e7ar a gengiva at\u00e9 desloc\u00e1-la. A hereditariedade \u00e9 outro fator que pode causar o problema. Algumas pessoas podem simplesmente ter nascido com o tecido gengival mais fr\u00e1gil, fino ou at\u00e9 insuficiente.<\/p>\n<div id=\"image_12148d5972bc7247ca2c85703bea1fc7nxnq5c7l\" class=\"imageElement\">\n<figure><picture><source srcset=\"https:\/\/p2.trrsf.com\/image\/fget\/cf\/940\/0\/images.terra.com\/2018\/09\/17\/hand-man-person-people-male-finger-1341681-pxherecom.jpg\" media=\"(min-width:1280px)\" \/><source srcset=\"https:\/\/p2.trrsf.com\/image\/fget\/cf\/620\/0\/images.terra.com\/2018\/09\/17\/hand-man-person-people-male-finger-1341681-pxherecom.jpg\" media=\"(min-width:1024px)\" \/><source srcset=\"https:\/\/p2.trrsf.com\/image\/fget\/cf\/460\/0\/images.terra.com\/2018\/09\/17\/hand-man-person-people-male-finger-1341681-pxherecom.jpg\" media=\"(min-width:768px)\" \/><source srcset=\"https:\/\/p2.trrsf.com\/image\/fget\/cf\/320\/0\/images.terra.com\/2018\/09\/17\/hand-man-person-people-male-finger-1341681-pxherecom.jpg\" media=\"(min-width:300px)\" \/><img fetchpriority=\"high\" decoding=\"async\" class=\"\" title=\"Livre\" src=\"https:\/\/p2.trrsf.com\/image\/fget\/cf\/460\/0\/images.terra.com\/2018\/09\/17\/hand-man-person-people-male-finger-1341681-pxherecom.jpg\" alt=\"\" width=\"460\" height=\"304\" \/><\/picture><figcaption>\n<div class=\"imageInfo\">\n<div class=\"lineSpacer\"><\/div>\n<p><small class=\"copyright\">Foto: Livre<\/small><\/p>\n<\/div>\n<\/figcaption><\/figure>\n<\/div>\n<p class=\"text\">Pessoas com h\u00e1bitos regulares de higiene bucal tamb\u00e9m devem ficar atentas. A escova\u00e7\u00e3o com for\u00e7a excessiva ou movimentos inadequados, al\u00e9m de traumas nos tecidos gengivais e a doen\u00e7a periodontal s\u00e3o outras causas frequentes.<\/p>\n<p class=\"text\">Ao notar os sintomas comuns \u00e0 retra\u00e7\u00e3o, \u00e9 recomend\u00e1vel consultar um dentista para investigar. Quando ignorada, ela pode aumentar de tamanho, at\u00e9 causar a perda \u00f3ssea ao redor do dente afetado. Por isso, n\u00e3o perca tempo!<\/p>\n<p class=\"text\"><strong>Tratamento<\/strong><\/p>\n<p class=\"text\">Os m\u00e9todos de tratamento variam de acordo com o tipo e a gravidade da retra\u00e7\u00e3o. Quando causada pela escova\u00e7\u00e3o excessiva ou com for\u00e7a excessiva, o dentista ensinar\u00e1 a forma adequada de promover a higieniza\u00e7\u00e3o bucal.<\/p>\n<p class=\"text\">Indicada em alguns casos, a cirurgia de enxerto de tecidos moles (chamada de enxerto gengival) ajuda a estimular o desenvolvimento da gengiva inserida. Esse procedimento evita a progress\u00e3o da retra\u00e7\u00e3o gengival e auxilia na regenera\u00e7\u00e3o e restabelecimento da cobertura da raiz.<\/p>\n<p class=\"text\">Quando causada pela doen\u00e7a periodontal, o primeiro passo para tratar a retra\u00e7\u00e3o \u00e9 realizar uma limpeza especial, chamada de raspagem e alisamento radicular. Em geral, esse tratamento, associado a uma excelente higiene bucal, pode estabilizar o problema periodontal e prevenir futuras perdas gengivais.<\/p>\n<p>FF<\/p>\n<p>Cariri em A\u00e7\u00e3o<\/p>\n<p>Leia mais not\u00edcias em\u00a0<a href=\"http:\/\/www.caririemacao.com\/\">caririemacao.com<\/a>, siga nossa p\u00e1gina no\u00a0<a href=\"https:\/\/www.facebook.com\/CaririEmAcao\/?ref=aymt_homepage_panel\">Facebook<\/a>,\u00a0<a href=\"https:\/\/www.instagram.com\/cariri_em_acao\/?hl=pt-br\">Instagram<\/a>\u00a0e\u00a0<a href=\"https:\/\/www.youtube.com\/channel\/UCAptA0jQuYQy8vMhLt2m4qg\">Youtube<\/a>\u00a0e veja nossas mat\u00e9rias, v\u00eddeos e fotos. Voc\u00ea tamb\u00e9m pode enviar informa\u00e7\u00f5es \u00e0 Reda\u00e7\u00e3o do Portal Cariri em A\u00e7\u00e3o pelo WhatsApp (83) 9 9634.5791, (83) 9 9601-1162.<\/p>\n","protected":false},"excerpt":{"rendered":"<p>A retra\u00e7\u00e3o gengival acontece sem muito alerda \u00e0 sa\u00fade e como \u00e9 silencioso, poucas pessoas tomam conhecimento e come\u00e7am o tratamento. Dados recentes da OMS&hellip; <\/p>\n","protected":false},"author":1,"featured_media":65392,"comment_status":"closed","ping_status":"closed","sticky":false,"template":"","format":"standard","meta":{"sfsi_plus_gutenberg_text_before_share":"","sfsi_plus_gutenberg_show_text_before_share":"","sfsi_plus_gutenberg_icon_type":"","sfsi_plus_gutenberg_icon_alignemt":"","sfsi_plus_gutenburg_max_per_row":"","footnotes":""},"categories":[16],"tags":[],"class_list":["post-65391","post","type-post","status-publish","format-standard","has-post-thumbnail","hentry","category-saude"],"_links":{"self":[{"href":"https:\/\/www.caririemacao.com\/1\/wp-json\/wp\/v2\/posts\/65391","targetHints":{"allow":["GET"]}}],"collection":[{"href":"https:\/\/www.caririemacao.com\/1\/wp-json\/wp\/v2\/posts"}],"about":[{"href":"https:\/\/www.caririemacao.com\/1\/wp-json\/wp\/v2\/types\/post"}],"author":[{"embeddable":true,"href":"https:\/\/www.caririemacao.com\/1\/wp-json\/wp\/v2\/users\/1"}],"replies":[{"embeddable":true,"href":"https:\/\/www.caririemacao.com\/1\/wp-json\/wp\/v2\/comments?post=65391"}],"version-history":[{"count":1,"href":"https:\/\/www.caririemacao.com\/1\/wp-json\/wp\/v2\/posts\/65391\/revisions"}],"predecessor-version":[{"id":65393,"href":"https:\/\/www.caririemacao.com\/1\/wp-json\/wp\/v2\/posts\/65391\/revisions\/65393"}],"wp:featuredmedia":[{"embeddable":true,"href":"https:\/\/www.caririemacao.com\/1\/wp-json\/wp\/v2\/media\/65392"}],"wp:attachment":[{"href":"https:\/\/www.caririemacao.com\/1\/wp-json\/wp\/v2\/media?parent=65391"}],"wp:term":[{"taxonomy":"category","embeddable":true,"href":"https:\/\/www.caririemacao.com\/1\/wp-json\/wp\/v2\/categories?post=65391"},{"taxonomy":"post_tag","embeddable":true,"href":"https:\/\/www.caririemacao.com\/1\/wp-json\/wp\/v2\/tags?post=65391"}],"curies":[{"name":"wp","href":"https:\/\/api.w.org\/{rel}","templated":true}]}}