{"id":65394,"date":"2018-09-19T13:01:04","date_gmt":"2018-09-19T16:01:04","guid":{"rendered":"http:\/\/www.caririemacao.com\/1\/?p=65394"},"modified":"2018-09-19T13:01:04","modified_gmt":"2018-09-19T16:01:04","slug":"774-dos-paraibanos-tem-pouco-ou-nenhum-interesse-pelas-eleicoes","status":"publish","type":"post","link":"https:\/\/www.caririemacao.com\/1\/2018\/09\/19\/774-dos-paraibanos-tem-pouco-ou-nenhum-interesse-pelas-eleicoes\/","title":{"rendered":"77,4% dos paraibanos t\u00eam pouco ou nenhum interesse pelas elei\u00e7\u00f5es"},"content":{"rendered":"<p>Elei\u00e7\u00f5es 2018 \u00e9 um assunto que n\u00e3o tem atra\u00eddo a popula\u00e7\u00e3o da Para\u00edba. Pesquisa encomendada pelo CORREIO realizada pela M\u00e9todo Pesquisa e Consultoria mostra que 77,4% dos paraibanos entrevistados revelaram ter pouco ou nenhum interesse com assuntos relacionados \u00e0s elei\u00e7\u00f5es deste ano.<\/p>\n<p>Desse total, 43,8% responderam ter pouco interesse e outros 33,6% disseram ter nenhum interesse. Apenas 6,4% afirmaram ter muito interesse no processo eleitoral deste ano. Outros 15,2% se mostraram interessados.<\/p>\n<p>Com rela\u00e7\u00e3o \u00e0 primeira pesquisa divulgada no dia 3 deste m\u00eas, os n\u00fameros variam pouco apresentando uma ligeira redu\u00e7\u00e3o. Na primeira foram 44,2% os que informaram ter pouco interesse e 34,6% disseram n\u00e3o ter nenhum interesse.<\/p>\n<p>O \u00edndice de interessados subiu. Na pesquisa anterior eram 14,8%, os que disseram ter muito interesse foram 5,4% na pesquisa anterior.<\/p>\n<p>Portal Correio<\/p>\n<p>Cariri em A\u00e7\u00e3o<\/p>\n<p>Leia mais not\u00edcias em\u00a0<a href=\"http:\/\/www.caririemacao.com\/\">caririemacao.com<\/a>, siga nossa p\u00e1gina no\u00a0<a href=\"https:\/\/www.facebook.com\/CaririEmAcao\/?ref=aymt_homepage_panel\">Facebook<\/a>,\u00a0<a href=\"https:\/\/www.instagram.com\/cariri_em_acao\/?hl=pt-br\">Instagram<\/a>\u00a0e\u00a0<a href=\"https:\/\/www.youtube.com\/channel\/UCAptA0jQuYQy8vMhLt2m4qg\">Youtube<\/a>\u00a0e veja nossas mat\u00e9rias, v\u00eddeos e fotos. Voc\u00ea tamb\u00e9m pode enviar informa\u00e7\u00f5es \u00e0 Reda\u00e7\u00e3o do Portal Cariri em A\u00e7\u00e3o pelo WhatsApp (83) 9 9634.5791, (83) 9 9601-1162.<\/p>\n","protected":false},"excerpt":{"rendered":"<p>Elei\u00e7\u00f5es 2018 \u00e9 um assunto que n\u00e3o tem atra\u00eddo a popula\u00e7\u00e3o da Para\u00edba. Pesquisa encomendada pelo CORREIO realizada pela M\u00e9todo Pesquisa e Consultoria mostra que&hellip; <\/p>\n","protected":false},"author":1,"featured_media":60964,"comment_status":"closed","ping_status":"closed","sticky":false,"template":"","format":"standard","meta":{"sfsi_plus_gutenberg_text_before_share":"","sfsi_plus_gutenberg_show_text_before_share":"","sfsi_plus_gutenberg_icon_type":"","sfsi_plus_gutenberg_icon_alignemt":"","sfsi_plus_gutenburg_max_per_row":"","footnotes":""},"categories":[1],"tags":[],"class_list":["post-65394","post","type-post","status-publish","format-standard","has-post-thumbnail","hentry","category-o-site"],"_links":{"self":[{"href":"https:\/\/www.caririemacao.com\/1\/wp-json\/wp\/v2\/posts\/65394","targetHints":{"allow":["GET"]}}],"collection":[{"href":"https:\/\/www.caririemacao.com\/1\/wp-json\/wp\/v2\/posts"}],"about":[{"href":"https:\/\/www.caririemacao.com\/1\/wp-json\/wp\/v2\/types\/post"}],"author":[{"embeddable":true,"href":"https:\/\/www.caririemacao.com\/1\/wp-json\/wp\/v2\/users\/1"}],"replies":[{"embeddable":true,"href":"https:\/\/www.caririemacao.com\/1\/wp-json\/wp\/v2\/comments?post=65394"}],"version-history":[{"count":1,"href":"https:\/\/www.caririemacao.com\/1\/wp-json\/wp\/v2\/posts\/65394\/revisions"}],"predecessor-version":[{"id":65395,"href":"https:\/\/www.caririemacao.com\/1\/wp-json\/wp\/v2\/posts\/65394\/revisions\/65395"}],"wp:featuredmedia":[{"embeddable":true,"href":"https:\/\/www.caririemacao.com\/1\/wp-json\/wp\/v2\/media\/60964"}],"wp:attachment":[{"href":"https:\/\/www.caririemacao.com\/1\/wp-json\/wp\/v2\/media?parent=65394"}],"wp:term":[{"taxonomy":"category","embeddable":true,"href":"https:\/\/www.caririemacao.com\/1\/wp-json\/wp\/v2\/categories?post=65394"},{"taxonomy":"post_tag","embeddable":true,"href":"https:\/\/www.caririemacao.com\/1\/wp-json\/wp\/v2\/tags?post=65394"}],"curies":[{"name":"wp","href":"https:\/\/api.w.org\/{rel}","templated":true}]}}