{"id":65396,"date":"2018-09-19T13:04:21","date_gmt":"2018-09-19T16:04:21","guid":{"rendered":"http:\/\/www.caririemacao.com\/1\/?p=65396"},"modified":"2018-09-19T13:04:21","modified_gmt":"2018-09-19T16:04:21","slug":"populacao-comparece-a-inauguracao-da-academia-da-saude-na-vila-santa-maria","status":"publish","type":"post","link":"https:\/\/www.caririemacao.com\/1\/2018\/09\/19\/populacao-comparece-a-inauguracao-da-academia-da-saude-na-vila-santa-maria\/","title":{"rendered":"Popula\u00e7\u00e3o comparece a inaugura\u00e7\u00e3o da Academia da Sa\u00fade na Vila Santa Maria"},"content":{"rendered":"<p>Centenas de pessoas prestigiaram na tarde desta quarta-feira,18, a inaugura\u00e7\u00e3o da Academia da Sa\u00fade Luiz Gustavo Duarte de Souza no bairro da Vila Santa Maria em Monteiro.<\/p>\n<p>A Anna Lorena, juntamente com sua equipe de governo, fez a entrega da importante obra para a comunidade. Em sua fala, a prefeita fez quest\u00e3o de frisar o investimento de mais de R$92 mil reais obtidos atrav\u00e9s de emendas do deputado federal Wellington Roberto e a agilidade com que foi conduzida a constru\u00e7\u00e3o, sendo assinada a ordem de servi\u00e7o, execu\u00e7\u00e3o e entrega em menos de um ano.<\/p>\n<p>Em meio a comemora\u00e7\u00e3o, a solenidade de inaugura\u00e7\u00e3o tamb\u00e9m teve seu momento de emo\u00e7\u00e3o atrav\u00e9s da participa\u00e7\u00e3o dos amigos e familiares do jovem Luiz Gustavo que foi homenageado nomeando a Academia da Sa\u00fade.<\/p>\n<p>Logo ap\u00f3s a inaugura\u00e7\u00e3o, todos os presentes puderam visitar as instala\u00e7\u00f5es ao lado da gestora que tamb\u00e9m prestigiou a aula inaugural realizada no local.<\/p>\n<p>Academia da Sa\u00fade Luiz Gustavo Duarte de Souza<\/p>\n<p>A Academia da Sa\u00fade da Vila Santa Maria, atrav\u00e9s da equipe do NASF, est\u00e1 realizando inscri\u00e7\u00f5es para as atividades que ocorrer\u00e3o no local na pr\u00f3xima sexta-feira, 21, das 08 \u00e0s 11h. Haver\u00e1 tamb\u00e9m a primeira avalia\u00e7\u00e3o f\u00edsica com uma equipe multidisciplinar contando com Educador F\u00edsico, Nutricionista, Educador Social e Enfermeiro.<\/p>\n<p>Ascom\/Monteiro<\/p>\n<p>Cariri em A\u00e7\u00e3o<\/p>\n<p>Leia mais not\u00edcias em\u00a0<a href=\"http:\/\/www.caririemacao.com\/\">caririemacao.com<\/a>, siga nossa p\u00e1gina no\u00a0<a href=\"https:\/\/www.facebook.com\/CaririEmAcao\/?ref=aymt_homepage_panel\">Facebook<\/a>,\u00a0<a href=\"https:\/\/www.instagram.com\/cariri_em_acao\/?hl=pt-br\">Instagram<\/a>\u00a0e\u00a0<a href=\"https:\/\/www.youtube.com\/channel\/UCAptA0jQuYQy8vMhLt2m4qg\">Youtube<\/a>\u00a0e veja nossas mat\u00e9rias, v\u00eddeos e fotos. Voc\u00ea tamb\u00e9m pode enviar informa\u00e7\u00f5es \u00e0 Reda\u00e7\u00e3o do Portal Cariri em A\u00e7\u00e3o pelo WhatsApp (83) 9 9634.5791, (83) 9 9601-1162.<\/p>\n","protected":false},"excerpt":{"rendered":"<p>Centenas de pessoas prestigiaram na tarde desta quarta-feira,18, a inaugura\u00e7\u00e3o da Academia da Sa\u00fade Luiz Gustavo Duarte de Souza no bairro da Vila Santa Maria&hellip; <\/p>\n","protected":false},"author":1,"featured_media":12074,"comment_status":"closed","ping_status":"closed","sticky":false,"template":"","format":"standard","meta":{"sfsi_plus_gutenberg_text_before_share":"","sfsi_plus_gutenberg_show_text_before_share":"","sfsi_plus_gutenberg_icon_type":"","sfsi_plus_gutenberg_icon_alignemt":"","sfsi_plus_gutenburg_max_per_row":"","footnotes":""},"categories":[16],"tags":[],"class_list":["post-65396","post","type-post","status-publish","format-standard","has-post-thumbnail","hentry","category-saude"],"_links":{"self":[{"href":"https:\/\/www.caririemacao.com\/1\/wp-json\/wp\/v2\/posts\/65396","targetHints":{"allow":["GET"]}}],"collection":[{"href":"https:\/\/www.caririemacao.com\/1\/wp-json\/wp\/v2\/posts"}],"about":[{"href":"https:\/\/www.caririemacao.com\/1\/wp-json\/wp\/v2\/types\/post"}],"author":[{"embeddable":true,"href":"https:\/\/www.caririemacao.com\/1\/wp-json\/wp\/v2\/users\/1"}],"replies":[{"embeddable":true,"href":"https:\/\/www.caririemacao.com\/1\/wp-json\/wp\/v2\/comments?post=65396"}],"version-history":[{"count":1,"href":"https:\/\/www.caririemacao.com\/1\/wp-json\/wp\/v2\/posts\/65396\/revisions"}],"predecessor-version":[{"id":65398,"href":"https:\/\/www.caririemacao.com\/1\/wp-json\/wp\/v2\/posts\/65396\/revisions\/65398"}],"wp:featuredmedia":[{"embeddable":true,"href":"https:\/\/www.caririemacao.com\/1\/wp-json\/wp\/v2\/media\/12074"}],"wp:attachment":[{"href":"https:\/\/www.caririemacao.com\/1\/wp-json\/wp\/v2\/media?parent=65396"}],"wp:term":[{"taxonomy":"category","embeddable":true,"href":"https:\/\/www.caririemacao.com\/1\/wp-json\/wp\/v2\/categories?post=65396"},{"taxonomy":"post_tag","embeddable":true,"href":"https:\/\/www.caririemacao.com\/1\/wp-json\/wp\/v2\/tags?post=65396"}],"curies":[{"name":"wp","href":"https:\/\/api.w.org\/{rel}","templated":true}]}}