{"id":65399,"date":"2018-09-19T13:07:29","date_gmt":"2018-09-19T16:07:29","guid":{"rendered":"http:\/\/www.caririemacao.com\/1\/?p=65399"},"modified":"2018-09-19T13:07:29","modified_gmt":"2018-09-19T16:07:29","slug":"proximo-presidente-tera-que-fazer-a-reforma-da-previdencia-diz-temer","status":"publish","type":"post","link":"https:\/\/www.caririemacao.com\/1\/2018\/09\/19\/proximo-presidente-tera-que-fazer-a-reforma-da-previdencia-diz-temer\/","title":{"rendered":"Pr\u00f3ximo presidente ter\u00e1 que fazer a reforma da Previd\u00eancia, diz Temer"},"content":{"rendered":"<p>O presidente da Rep\u00fablica, Michel Temer, disse na noite de dessa ter\u00e7a-feira (18) que o pr\u00f3ximo presidente eleito n\u00e3o conseguir\u00e1 deixar a trilha tra\u00e7ada por seu governo. Temer, que discursou em evento de empres\u00e1rios na capital paulista, ressaltou ainda que o futuro mandat\u00e1rio da na\u00e7\u00e3o ter\u00e1 de fazer \u201cnecessariamente\u201d a reforma da Previd\u00eancia.<\/p>\n<p>\u201cTenho a mais absoluta convic\u00e7\u00e3o que seja quem venha a ser eleito, ele n\u00e3o vai conseguir sair da trilha que n\u00f3s tra\u00e7amos. E se quiser sair, vai ter de dizer o seguinte: eu n\u00e3o quero essa infla\u00e7\u00e3o rid\u00edcula de 3,5%, 4%, eu quero 10%, 11%; eu n\u00e3o quero juros a 6,5%, eu quero 14,25%; eu n\u00e3o quero a moderniza\u00e7\u00e3o trabalhista, a moderniza\u00e7\u00e3o do ensino m\u00e9dico, a responsabilidade fiscal\u201d, disse, em discurso no Pr\u00eamio 2018 da Associa\u00e7\u00e3o Nacional dos Comerciantes de Material de Constru\u00e7\u00e3o (Anamaco).<\/p>\n<p>Temer listou diversas a\u00e7\u00f5es do seu governo, como a aprova\u00e7\u00e3o do limite do teto dos gastos p\u00fablicos, a libera\u00e7\u00e3o dos recursos do Fundo de Garantia do Tempo de Servi\u00e7o (FGTS), a abertura de 500 mil novas vagas do ensino em tempo integral, a reforma trabalhista e a reforma do ensino m\u00e9dio.<\/p>\n<p>\u201cDificilmente algu\u00e9m que venha a ser eleito, por mais que se fa\u00e7a propaganda eleitoral dizendo \u2018n\u00f3s vamos terminar com tudo isso que foi feito no governo\u2019, n\u00e3o vai conseguir, porque a consci\u00eancia popular hoje j\u00e1 tomou ci\u00eancia de que \u00e9 indispens\u00e1vel continuar com as reformas\u201d, disse.<\/p>\n<p>De acordo com o presidente, a reforma da Previd\u00eancia saiu da pauta legislativa em raz\u00e3o das elei\u00e7\u00f5es, mas n\u00e3o saiu da pauta pol\u00edtica. \u201cN\u00e3o haver\u00e1 presidente que venha a ser eleito que n\u00e3o tenha que fazer necessariamente a reforma da Previd\u00eancia\u201d, disse. \u201cOs deputados, senadores estar\u00e3o rec\u00e9m-eleitos, portanto adequados, com disposi\u00e7\u00e3o, para fazer a reforma previdenci\u00e1ria\u201d.<\/p>\n<p>Michel Temer foi premiado na solenidade com uma colher de pedreiro dourada, uma homenagem da entidade organizadora ao oper\u00e1rio n\u00famero um da constru\u00e7\u00e3o.<\/p>\n<p>Cariri Ligado<\/p>\n<p>Cariri em A\u00e7\u00e3o<\/p>\n<p>Leia mais not\u00edcias em\u00a0<a href=\"http:\/\/www.caririemacao.com\/\">caririemacao.com<\/a>, siga nossa p\u00e1gina no\u00a0<a href=\"https:\/\/www.facebook.com\/CaririEmAcao\/?ref=aymt_homepage_panel\">Facebook<\/a>,\u00a0<a href=\"https:\/\/www.instagram.com\/cariri_em_acao\/?hl=pt-br\">Instagram<\/a>\u00a0e\u00a0<a href=\"https:\/\/www.youtube.com\/channel\/UCAptA0jQuYQy8vMhLt2m4qg\">Youtube<\/a>\u00a0e veja nossas mat\u00e9rias, v\u00eddeos e fotos. Voc\u00ea tamb\u00e9m pode enviar informa\u00e7\u00f5es \u00e0 Reda\u00e7\u00e3o do Portal Cariri em A\u00e7\u00e3o pelo WhatsApp (83) 9 9634.5791, (83) 9 9601-1162.<\/p>\n","protected":false},"excerpt":{"rendered":"<p>O presidente da Rep\u00fablica, Michel Temer, disse na noite de dessa ter\u00e7a-feira (18) que o pr\u00f3ximo presidente eleito n\u00e3o conseguir\u00e1 deixar a trilha tra\u00e7ada por&hellip; <\/p>\n","protected":false},"author":1,"featured_media":40463,"comment_status":"closed","ping_status":"closed","sticky":false,"template":"","format":"standard","meta":{"sfsi_plus_gutenberg_text_before_share":"","sfsi_plus_gutenberg_show_text_before_share":"","sfsi_plus_gutenberg_icon_type":"","sfsi_plus_gutenberg_icon_alignemt":"","sfsi_plus_gutenburg_max_per_row":"","footnotes":""},"categories":[11],"tags":[],"class_list":["post-65399","post","type-post","status-publish","format-standard","has-post-thumbnail","hentry","category-politica"],"_links":{"self":[{"href":"https:\/\/www.caririemacao.com\/1\/wp-json\/wp\/v2\/posts\/65399","targetHints":{"allow":["GET"]}}],"collection":[{"href":"https:\/\/www.caririemacao.com\/1\/wp-json\/wp\/v2\/posts"}],"about":[{"href":"https:\/\/www.caririemacao.com\/1\/wp-json\/wp\/v2\/types\/post"}],"author":[{"embeddable":true,"href":"https:\/\/www.caririemacao.com\/1\/wp-json\/wp\/v2\/users\/1"}],"replies":[{"embeddable":true,"href":"https:\/\/www.caririemacao.com\/1\/wp-json\/wp\/v2\/comments?post=65399"}],"version-history":[{"count":1,"href":"https:\/\/www.caririemacao.com\/1\/wp-json\/wp\/v2\/posts\/65399\/revisions"}],"predecessor-version":[{"id":65400,"href":"https:\/\/www.caririemacao.com\/1\/wp-json\/wp\/v2\/posts\/65399\/revisions\/65400"}],"wp:featuredmedia":[{"embeddable":true,"href":"https:\/\/www.caririemacao.com\/1\/wp-json\/wp\/v2\/media\/40463"}],"wp:attachment":[{"href":"https:\/\/www.caririemacao.com\/1\/wp-json\/wp\/v2\/media?parent=65399"}],"wp:term":[{"taxonomy":"category","embeddable":true,"href":"https:\/\/www.caririemacao.com\/1\/wp-json\/wp\/v2\/categories?post=65399"},{"taxonomy":"post_tag","embeddable":true,"href":"https:\/\/www.caririemacao.com\/1\/wp-json\/wp\/v2\/tags?post=65399"}],"curies":[{"name":"wp","href":"https:\/\/api.w.org\/{rel}","templated":true}]}}