{"id":65401,"date":"2018-09-19T13:11:19","date_gmt":"2018-09-19T16:11:19","guid":{"rendered":"http:\/\/www.caririemacao.com\/1\/?p=65401"},"modified":"2018-09-19T13:11:19","modified_gmt":"2018-09-19T16:11:19","slug":"mais-de-60-dos-paraibanos-aprovam-governo-de-ricardo-coutinho-2","status":"publish","type":"post","link":"https:\/\/www.caririemacao.com\/1\/2018\/09\/19\/mais-de-60-dos-paraibanos-aprovam-governo-de-ricardo-coutinho-2\/","title":{"rendered":"Mais de 60% dos paraibanos aprovam governo de Ricardo Coutinho"},"content":{"rendered":"<p>Pesquisa realizada pela M\u00e9todo Pesquisa e Consultoria e contratada pelo Jornal CORREIO da Para\u00edba, perguntou ao paraibano como ele avalia a administra\u00e7\u00e3o do governador Ricardo Coutinho (PSB). Para 60,6% dos entrevistados, a gest\u00e3o do socialista est\u00e1 aprovada.<\/p>\n<p>Desse total, 37,7% avaliam o governo estadual como \u00f3timo e outros 22,9% como bom.<\/p>\n<p>Os conceitos negativos somaram 11,%, sendo que 2% disseram ser ruim e 9% p\u00e9ssima, enquanto 24,2% avaliaram o governo estadual como regular.<\/p>\n<p>Sobre a pesquisa<br \/>\nA pesquisa foi registrada dia 12 deste m\u00eas no Tribunal Superior Eleitoral com o n\u00famero BR-01555\/2018 e no Tribunal Regional Eleitoral da Para\u00edba, n\u00famero PB-02642\/2018. A pesquisa quantitativa foi realizada entre os dias 12 e 15 deste m\u00eas, em 60 munic\u00edpios da Para\u00edba, sendo aplicados 1.100 question\u00e1rios no Estado. A margem de erro \u00e9 de 3%, com intervalo de confian\u00e7a de 95%.<\/p>\n<p>Cariri em A\u00e7\u00e3o<\/p>\n<p>Leia mais not\u00edcias em\u00a0<a href=\"http:\/\/www.caririemacao.com\/\">caririemacao.com<\/a>, siga nossa p\u00e1gina no\u00a0<a href=\"https:\/\/www.facebook.com\/CaririEmAcao\/?ref=aymt_homepage_panel\">Facebook<\/a>,\u00a0<a href=\"https:\/\/www.instagram.com\/cariri_em_acao\/?hl=pt-br\">Instagram<\/a>\u00a0e\u00a0<a href=\"https:\/\/www.youtube.com\/channel\/UCAptA0jQuYQy8vMhLt2m4qg\">Youtube<\/a>\u00a0e veja nossas mat\u00e9rias, v\u00eddeos e fotos. Voc\u00ea tamb\u00e9m pode enviar informa\u00e7\u00f5es \u00e0 Reda\u00e7\u00e3o do Portal Cariri em A\u00e7\u00e3o pelo WhatsApp (83) 9 9634.5791, (83) 9 9601-1162.<\/p>\n","protected":false},"excerpt":{"rendered":"<p>Pesquisa realizada pela M\u00e9todo Pesquisa e Consultoria e contratada pelo Jornal CORREIO da Para\u00edba, perguntou ao paraibano como ele avalia a administra\u00e7\u00e3o do governador Ricardo&hellip; <\/p>\n","protected":false},"author":1,"featured_media":48941,"comment_status":"closed","ping_status":"closed","sticky":false,"template":"","format":"standard","meta":{"sfsi_plus_gutenberg_text_before_share":"","sfsi_plus_gutenberg_show_text_before_share":"","sfsi_plus_gutenberg_icon_type":"","sfsi_plus_gutenberg_icon_alignemt":"","sfsi_plus_gutenburg_max_per_row":"","footnotes":""},"categories":[11],"tags":[],"class_list":["post-65401","post","type-post","status-publish","format-standard","has-post-thumbnail","hentry","category-politica"],"_links":{"self":[{"href":"https:\/\/www.caririemacao.com\/1\/wp-json\/wp\/v2\/posts\/65401","targetHints":{"allow":["GET"]}}],"collection":[{"href":"https:\/\/www.caririemacao.com\/1\/wp-json\/wp\/v2\/posts"}],"about":[{"href":"https:\/\/www.caririemacao.com\/1\/wp-json\/wp\/v2\/types\/post"}],"author":[{"embeddable":true,"href":"https:\/\/www.caririemacao.com\/1\/wp-json\/wp\/v2\/users\/1"}],"replies":[{"embeddable":true,"href":"https:\/\/www.caririemacao.com\/1\/wp-json\/wp\/v2\/comments?post=65401"}],"version-history":[{"count":1,"href":"https:\/\/www.caririemacao.com\/1\/wp-json\/wp\/v2\/posts\/65401\/revisions"}],"predecessor-version":[{"id":65402,"href":"https:\/\/www.caririemacao.com\/1\/wp-json\/wp\/v2\/posts\/65401\/revisions\/65402"}],"wp:featuredmedia":[{"embeddable":true,"href":"https:\/\/www.caririemacao.com\/1\/wp-json\/wp\/v2\/media\/48941"}],"wp:attachment":[{"href":"https:\/\/www.caririemacao.com\/1\/wp-json\/wp\/v2\/media?parent=65401"}],"wp:term":[{"taxonomy":"category","embeddable":true,"href":"https:\/\/www.caririemacao.com\/1\/wp-json\/wp\/v2\/categories?post=65401"},{"taxonomy":"post_tag","embeddable":true,"href":"https:\/\/www.caririemacao.com\/1\/wp-json\/wp\/v2\/tags?post=65401"}],"curies":[{"name":"wp","href":"https:\/\/api.w.org\/{rel}","templated":true}]}}