{"id":65407,"date":"2018-09-19T13:25:22","date_gmt":"2018-09-19T16:25:22","guid":{"rendered":"http:\/\/www.caririemacao.com\/1\/?p=65407"},"modified":"2018-09-19T13:25:22","modified_gmt":"2018-09-19T16:25:22","slug":"prefeitura-de-santa-cruz-divulga-edital-de-concurso-com-salarios-de-ate-r-7-mil","status":"publish","type":"post","link":"https:\/\/www.caririemacao.com\/1\/2018\/09\/19\/prefeitura-de-santa-cruz-divulga-edital-de-concurso-com-salarios-de-ate-r-7-mil\/","title":{"rendered":"Prefeitura de Santa Cruz divulga edital de concurso com sal\u00e1rios de at\u00e9 R$ 7 mil"},"content":{"rendered":"<div class=\"mc-column content-text active-extra-styles active-capital-letter\" data-block-type=\"unstyled\" data-block-weight=\"53\" data-block-id=\"2\">\n<p data-track-category=\"Link no Texto\" data-track-links=\"\">Um edital de concurso p\u00fablico com 36 vagas\u00a0para cargos de todos os n\u00edveis de escolaridade (fundamental, m\u00e9dio e superior) foi divulgado nesta quarta-feira (19) pela Prefeitura de Santa Cruz, no Sert\u00e3o da Para\u00edba. As inscri\u00e7\u00f5es podem ser feitas a partir da pr\u00f3xima segunda-feira (24) no site da\u00a0<strong><a href=\"https:\/\/www.conpass.com.br\/concurso143cp.php\">organizadora<\/a><\/strong>\u00a0e os sal\u00e1rios podem chegar a R$ 7 mil.<\/p>\n<p data-track-category=\"Link no Texto\" data-track-links=\"\"><strong>Confira o edital:\u00a0<a href=\"https:\/\/www.conpass.com.br\/v2\/conpass\/docs\/pb-santa-cruz\/EDITAL%20DE%20ABERTURA%20DO%20CONCURSO%20-%20SANTA%20CRUZ-PB.pdf?153736693308119092018112214\">abertura do concurso p\u00fablico da prefeitura de Santa Cruz<\/a><\/strong><\/p>\n<p data-track-category=\"Link no Texto\" data-track-links=\"\">O cargo com mais vagas dispon\u00edveis \u00e9 o de motorista CNH D, que oferece cinco oportunidades. Este cargo tem sal\u00e1rio de R$ 954 e o candidato precisa ter CNH na categoria escolhida e ensino fundamental incompleto.<\/p>\n<\/div>\n<div class=\"wall\">\n<div class=\"mc-column content-text active-extra-styles \" data-block-type=\"unstyled\" data-block-weight=\"32\" data-block-id=\"5\">\n<p class=\"content-text__container \" data-track-category=\"Link no Texto\" data-track-links=\"\">J\u00e1 o cargo com maior sal\u00e1rio \u00e9 o de m\u00e9dico ESF, com duas vagas. Para este cargo, o candidato precisa ter ensino superior completo em medicina mais registro no conselho da classe.<\/p>\n<\/div>\n<div class=\"mc-column content-text active-extra-styles \" data-block-type=\"unstyled\" data-block-weight=\"99\" data-block-id=\"6\">\n<p class=\"content-text__container \" data-track-category=\"Link no Texto\" data-track-links=\"\">Al\u00e9m destes cargos, h\u00e1 oportunidades para assistente social, enfermeiro plantonista, farmac\u00eautico, m\u00e9dico plantonista, nutricionista, psic\u00f3logo, supervisor escolar, professor de educa\u00e7\u00e3o b\u00e1sica (I-B) sede, professor de educa\u00e7\u00e3o b\u00e1sica (I-B) distrito de S\u00e3o Pedro, professor de educa\u00e7\u00e3o b\u00e1sica (I-B) distrito de Casinha do Homem, professor de ingl\u00eas (II-A), professor de ci\u00eancias naturais (II-A), professor de artes (II-A), agente comunit\u00e1rio de sa\u00fade, assistente administrativo, fiscal de tributos, fiscal sanit\u00e1rio, t\u00e9cnico em enfermagem, operador de m\u00e1quinas, auxiliar operacional de servi\u00e7os gerais sede, auxiliar operacional de servi\u00e7os gerais distrito de S\u00e3o Pedro, auxiliar operacional de servi\u00e7os gerais distrito de Casinha do Homem e vigia.<\/p>\n<\/div>\n<div class=\"mc-column content-text active-extra-styles \" data-block-type=\"unstyled\" data-block-weight=\"45\" data-block-id=\"7\">\n<p class=\"content-text__container \" data-track-category=\"Link no Texto\" data-track-links=\"\">As taxas de inscri\u00e7\u00e3o custam R$ 40 para cargos de n\u00edvel fundamental, R$ 70 para cargos de n\u00edveis m\u00e9dio e t\u00e9cnico e R$ 100 para cargos de n\u00edvel superior. As inscri\u00e7\u00f5es devem ser feitas exclusivamente pela internet\u00a0at\u00e9 25 de outubro.<\/p>\n<\/div>\n<div class=\"mc-column content-text active-extra-styles \" data-block-type=\"unstyled\" data-block-weight=\"29\" data-block-id=\"8\">\n<p class=\"content-text__container \" data-track-category=\"Link no Texto\" data-track-links=\"\">As provas do concurso est\u00e3o previstas para acontecer no dia 18 de novembro, na cidade de Santa Cruz, podendo acontecer tamb\u00e9m em munic\u00edpios pr\u00f3ximos, dependendo da quantidade de inscritos.\u00a0O concurso tem validade de dois anos, podendo ser prorrogado, caso necess\u00e1rio, por igual per\u00edodo.<\/p>\n<p data-track-category=\"Link no Texto\" data-track-links=\"\">Blog do Gordinho<\/p>\n<p>Cariri em A\u00e7\u00e3o<\/p>\n<p>Leia mais not\u00edcias em\u00a0<a href=\"http:\/\/www.caririemacao.com\/\">caririemacao.com<\/a>, siga nossa p\u00e1gina no\u00a0<a href=\"https:\/\/www.facebook.com\/CaririEmAcao\/?ref=aymt_homepage_panel\">Facebook<\/a>,\u00a0<a href=\"https:\/\/www.instagram.com\/cariri_em_acao\/?hl=pt-br\">Instagram<\/a>\u00a0e\u00a0<a href=\"https:\/\/www.youtube.com\/channel\/UCAptA0jQuYQy8vMhLt2m4qg\">Youtube<\/a>\u00a0e veja nossas mat\u00e9rias, v\u00eddeos e fotos. Voc\u00ea tamb\u00e9m pode enviar informa\u00e7\u00f5es \u00e0 Reda\u00e7\u00e3o do Portal Cariri em A\u00e7\u00e3o pelo WhatsApp (83) 9 9634.5791, (83) 9 9601-1162.<\/p>\n<\/div>\n<\/div>\n","protected":false},"excerpt":{"rendered":"<p>Um edital de concurso p\u00fablico com 36 vagas\u00a0para cargos de todos os n\u00edveis de escolaridade (fundamental, m\u00e9dio e superior) foi divulgado nesta quarta-feira (19) pela&hellip; <\/p>\n","protected":false},"author":1,"featured_media":27003,"comment_status":"closed","ping_status":"closed","sticky":false,"template":"","format":"standard","meta":{"sfsi_plus_gutenberg_text_before_share":"","sfsi_plus_gutenberg_show_text_before_share":"","sfsi_plus_gutenberg_icon_type":"","sfsi_plus_gutenberg_icon_alignemt":"","sfsi_plus_gutenburg_max_per_row":"","footnotes":""},"categories":[2],"tags":[],"class_list":["post-65407","post","type-post","status-publish","format-standard","has-post-thumbnail","hentry","category-geral"],"_links":{"self":[{"href":"https:\/\/www.caririemacao.com\/1\/wp-json\/wp\/v2\/posts\/65407","targetHints":{"allow":["GET"]}}],"collection":[{"href":"https:\/\/www.caririemacao.com\/1\/wp-json\/wp\/v2\/posts"}],"about":[{"href":"https:\/\/www.caririemacao.com\/1\/wp-json\/wp\/v2\/types\/post"}],"author":[{"embeddable":true,"href":"https:\/\/www.caririemacao.com\/1\/wp-json\/wp\/v2\/users\/1"}],"replies":[{"embeddable":true,"href":"https:\/\/www.caririemacao.com\/1\/wp-json\/wp\/v2\/comments?post=65407"}],"version-history":[{"count":1,"href":"https:\/\/www.caririemacao.com\/1\/wp-json\/wp\/v2\/posts\/65407\/revisions"}],"predecessor-version":[{"id":65408,"href":"https:\/\/www.caririemacao.com\/1\/wp-json\/wp\/v2\/posts\/65407\/revisions\/65408"}],"wp:featuredmedia":[{"embeddable":true,"href":"https:\/\/www.caririemacao.com\/1\/wp-json\/wp\/v2\/media\/27003"}],"wp:attachment":[{"href":"https:\/\/www.caririemacao.com\/1\/wp-json\/wp\/v2\/media?parent=65407"}],"wp:term":[{"taxonomy":"category","embeddable":true,"href":"https:\/\/www.caririemacao.com\/1\/wp-json\/wp\/v2\/categories?post=65407"},{"taxonomy":"post_tag","embeddable":true,"href":"https:\/\/www.caririemacao.com\/1\/wp-json\/wp\/v2\/tags?post=65407"}],"curies":[{"name":"wp","href":"https:\/\/api.w.org\/{rel}","templated":true}]}}