{"id":65409,"date":"2018-09-19T13:29:23","date_gmt":"2018-09-19T16:29:23","guid":{"rendered":"http:\/\/www.caririemacao.com\/1\/?p=65409"},"modified":"2018-09-19T13:29:25","modified_gmt":"2018-09-19T16:29:25","slug":"dia-d-da-campanha-de-vacinacao-contra-a-raiva-animal-sera-neste-sabado","status":"publish","type":"post","link":"https:\/\/www.caririemacao.com\/1\/2018\/09\/19\/dia-d-da-campanha-de-vacinacao-contra-a-raiva-animal-sera-neste-sabado\/","title":{"rendered":"Dia D da Campanha de Vacina\u00e7\u00e3o Contra a Raiva Animal ser\u00e1 neste s\u00e1bado"},"content":{"rendered":"<p>No pr\u00f3ximo s\u00e1bado, dia 22 de setembro, todos os 223 munic\u00edpios da Para\u00edba estar\u00e3o juntos, empenhados em vacinar o maior n\u00famero poss\u00edvel de c\u00e3es e gatos, durante o Dia D da Campanha de Vacina\u00e7\u00e3o Contra a Raiva Animal.<\/p>\n<p>De acordo com o chefe do N\u00facleo de Controle de Zoonoses da Secretaria de Estado da Sa\u00fade (SES), Francisco de Assis Azevedo, todos os munic\u00edpios ir\u00e3o trabalhar com postos fixos ou volantes, segundo o crit\u00e9rio de cada Secretaria, das 8h \u00e0s 17h. Na sede da SES, no bairro da Torre, na capital (ao lado do Hemocentro), ter\u00e1 um posto de vacina\u00e7\u00e3o.<\/p>\n<p>Segundo Francisco, a campanha j\u00e1 come\u00e7ou em alguns locais, especialmente na zona rural e em \u00e1reas de dif\u00edcil acesso. \u201cOs agentes dessas \u00e1reas est\u00e3o fazendo um sistema de trabalho de casa em casa, para no dia 22 trabalhar apenas com os postos fixos nas sedes dos munic\u00edpios\u201d, acrescentou.<\/p>\n<p>A vacina\u00e7\u00e3o se faz necess\u00e1ria dentro do processo de elimina\u00e7\u00e3o da raiva humana transmitida por c\u00e3es e gatos no c\u00edrculo urbano, j\u00e1 que estes animais s\u00e3o os principais focos da doen\u00e7a. \u201cCom essa campanha, n\u00f3s n\u00e3o estamos protegendo s\u00f3 os animais. O foco principal \u00e9 a prote\u00e7\u00e3o e promo\u00e7\u00e3o da sa\u00fade de nossa popula\u00e7\u00e3o, ou seja, evitar que a raiva chegue nas pessoas\u201d, afirma.<\/p>\n<p>No s\u00e1bado, dever\u00e3o ser vacinados todos os c\u00e3es e gatos a partir de tr\u00eas meses de idade. A meta \u00e9 imunizar, ao todo, 727.372 animais \u2013 sendo 528.935 c\u00e3es e 198.437 gatos. Ap\u00f3s o Dia D, a SES estabelece o prazo de 30 dias para atingir as metas.<\/p>\n<p>\u201cA vacina n\u00e3o tem contraindica\u00e7\u00e3o. O animal pode ser gestante, pode estar amamentando, como tamb\u00e9m n\u00e3o h\u00e1 idade limite para ser vacinado\u201d, informou Francisco.<\/p>\n<p>Blog do Gordinho<\/p>\n<p>Cariri em A\u00e7\u00e3o<\/p>\n<p>Leia mais not\u00edcias em\u00a0<a href=\"http:\/\/www.caririemacao.com\/\">caririemacao.com<\/a>, siga nossa p\u00e1gina no\u00a0<a href=\"https:\/\/www.facebook.com\/CaririEmAcao\/?ref=aymt_homepage_panel\">Facebook<\/a>,\u00a0<a href=\"https:\/\/www.instagram.com\/cariri_em_acao\/?hl=pt-br\">Instagram<\/a>\u00a0e\u00a0<a href=\"https:\/\/www.youtube.com\/channel\/UCAptA0jQuYQy8vMhLt2m4qg\">Youtube<\/a>\u00a0e veja nossas mat\u00e9rias, v\u00eddeos e fotos. Voc\u00ea tamb\u00e9m pode enviar informa\u00e7\u00f5es \u00e0 Reda\u00e7\u00e3o do Portal Cariri em A\u00e7\u00e3o pelo WhatsApp (83) 9 9634.5791, (83) 9 9601-1162.<\/p>\n","protected":false},"excerpt":{"rendered":"<p>No pr\u00f3ximo s\u00e1bado, dia 22 de setembro, todos os 223 munic\u00edpios da Para\u00edba estar\u00e3o juntos, empenhados em vacinar o maior n\u00famero poss\u00edvel de c\u00e3es e&hellip; <\/p>\n","protected":false},"author":1,"featured_media":65410,"comment_status":"closed","ping_status":"closed","sticky":false,"template":"","format":"standard","meta":{"sfsi_plus_gutenberg_text_before_share":"","sfsi_plus_gutenberg_show_text_before_share":"","sfsi_plus_gutenberg_icon_type":"","sfsi_plus_gutenberg_icon_alignemt":"","sfsi_plus_gutenburg_max_per_row":"","footnotes":""},"categories":[16],"tags":[],"class_list":["post-65409","post","type-post","status-publish","format-standard","has-post-thumbnail","hentry","category-saude"],"_links":{"self":[{"href":"https:\/\/www.caririemacao.com\/1\/wp-json\/wp\/v2\/posts\/65409","targetHints":{"allow":["GET"]}}],"collection":[{"href":"https:\/\/www.caririemacao.com\/1\/wp-json\/wp\/v2\/posts"}],"about":[{"href":"https:\/\/www.caririemacao.com\/1\/wp-json\/wp\/v2\/types\/post"}],"author":[{"embeddable":true,"href":"https:\/\/www.caririemacao.com\/1\/wp-json\/wp\/v2\/users\/1"}],"replies":[{"embeddable":true,"href":"https:\/\/www.caririemacao.com\/1\/wp-json\/wp\/v2\/comments?post=65409"}],"version-history":[{"count":1,"href":"https:\/\/www.caririemacao.com\/1\/wp-json\/wp\/v2\/posts\/65409\/revisions"}],"predecessor-version":[{"id":65411,"href":"https:\/\/www.caririemacao.com\/1\/wp-json\/wp\/v2\/posts\/65409\/revisions\/65411"}],"wp:featuredmedia":[{"embeddable":true,"href":"https:\/\/www.caririemacao.com\/1\/wp-json\/wp\/v2\/media\/65410"}],"wp:attachment":[{"href":"https:\/\/www.caririemacao.com\/1\/wp-json\/wp\/v2\/media?parent=65409"}],"wp:term":[{"taxonomy":"category","embeddable":true,"href":"https:\/\/www.caririemacao.com\/1\/wp-json\/wp\/v2\/categories?post=65409"},{"taxonomy":"post_tag","embeddable":true,"href":"https:\/\/www.caririemacao.com\/1\/wp-json\/wp\/v2\/tags?post=65409"}],"curies":[{"name":"wp","href":"https:\/\/api.w.org\/{rel}","templated":true}]}}