{"id":65518,"date":"2018-09-20T18:09:38","date_gmt":"2018-09-20T21:09:38","guid":{"rendered":"http:\/\/www.caririemacao.com\/1\/?p=65518"},"modified":"2018-09-20T18:09:38","modified_gmt":"2018-09-20T21:09:38","slug":"justica-federal-arquiva-processo-contra-batinga-no-caso-da-ambulancia","status":"publish","type":"post","link":"https:\/\/www.caririemacao.com\/1\/2018\/09\/20\/justica-federal-arquiva-processo-contra-batinga-no-caso-da-ambulancia\/","title":{"rendered":"Justi\u00e7a Federal arquiva processo contra Batinga no caso da ambul\u00e2ncia"},"content":{"rendered":"<p><img fetchpriority=\"high\" decoding=\"async\" class=\"alignleft size-medium wp-image-19157\" src=\"http:\/\/www.vitrinedocariri.com.br\/wp-content\/uploads\/2018\/07\/whatsapp-image-2018-07-27-at-19-02-34-1-300x225.jpeg\" alt=\"\" width=\"300\" height=\"225\" \/>O Juiz da 11\u00aa Vara da Justi\u00e7a Federal em Monteiro, Dr. Rodrigo Maia, em senten\u00e7a proferida nesta quinta-feira (20), determinou o arquivamento da A\u00e7\u00e3o Penal que tramitava em desfavor do ex-Prefeito de Monteiro e candidato a Deputado Estadual Carlos Batinga.<\/p>\n<p>A A\u00e7\u00e3o tramitava na Justi\u00e7a desde o ano de 2008 e finalmente teve a sua extin\u00e7\u00e3o determinada ap\u00f3s 10 (dez) anos. O caso se referia a compra de uma ambul\u00e2ncia ainda quando Carlos Batinga foi gestor do Munic\u00edpio de Monteiro e pesava sobre o mesmo a den\u00fancia de superfaturamento e danos ao er\u00e1rio P\u00fablico.<\/p>\n<p>Com a extin\u00e7\u00e3o da A\u00e7\u00e3o, Carlos Batinga disse que se sentiu aliviado pelos in\u00fameros constrangimentos que passou durante todo esse tempo com seu nome sendo constantemente envolvido na m\u00eddia sem que o mesmo tivesse cometido qualquer ilicitude.<\/p>\n<p>Batinga chegou a comentar ainda que nesse mesmo processo o Tribunal de Constas da Uni\u00e3o j\u00e1 havia reconhecido a legalidade da compra do ve\u00edculo em quest\u00e3o (ambul\u00e2ncia), como tamb\u00e9m o pr\u00f3prio setor T\u00e9cnico Cientifico da Policia Federal que investigou o caso por meio da instaura\u00e7\u00e3o de Inqu\u00e9rito Policial em parecer t\u00e9cnico conclusivo apontou pela inexist\u00eancia \u00a0 de superfaturamento.<\/p>\n<p>Por fim, Carlos Batinga deixou claro que em nenhum momento essa situa\u00e7\u00e3o, apesar de inc\u00f4moda, n\u00e3o lhe fez deixar de acreditar na Justi\u00e7a, pois ao longo de toda sua vida P\u00fablica nos diversos cargos que ocupou a exemplo da Superintend\u00eancia do Sebrae-PB e Semob-JP, al\u00e9m de Secretarias em Natal e Salvador, entre outros cargos, jamais respondeu a nenhum processo Judicial.<\/p>\n<p>Vitrine do Cariri<\/p>\n<p>Cariri em A\u00e7\u00e3o<\/p>\n<p>Leia mais not\u00edcias em\u00a0<a href=\"http:\/\/www.caririemacao.com\/\">caririemacao.com<\/a>, siga nossa p\u00e1gina no\u00a0<a href=\"https:\/\/www.facebook.com\/CaririEmAcao\/?ref=aymt_homepage_panel\">Facebook<\/a>,\u00a0<a href=\"https:\/\/www.instagram.com\/cariri_em_acao\/?hl=pt-br\">Instagram<\/a>\u00a0e\u00a0<a href=\"https:\/\/www.youtube.com\/channel\/UCAptA0jQuYQy8vMhLt2m4qg\">Youtube<\/a>\u00a0e veja nossas mat\u00e9rias, v\u00eddeos e fotos. Voc\u00ea tamb\u00e9m pode enviar informa\u00e7\u00f5es \u00e0 Reda\u00e7\u00e3o do Portal Cariri em A\u00e7\u00e3o pelo WhatsApp (83) 9 9634.5791, (83) 9 9601-1162.<\/p>\n<p>&nbsp;<\/p>\n<p>&nbsp;<\/p>\n","protected":false},"excerpt":{"rendered":"<p>O Juiz da 11\u00aa Vara da Justi\u00e7a Federal em Monteiro, Dr. Rodrigo Maia, em senten\u00e7a proferida nesta quinta-feira (20), determinou o arquivamento da A\u00e7\u00e3o Penal&hellip; <\/p>\n","protected":false},"author":1,"featured_media":62312,"comment_status":"closed","ping_status":"closed","sticky":false,"template":"","format":"standard","meta":{"sfsi_plus_gutenberg_text_before_share":"","sfsi_plus_gutenberg_show_text_before_share":"","sfsi_plus_gutenberg_icon_type":"","sfsi_plus_gutenberg_icon_alignemt":"","sfsi_plus_gutenburg_max_per_row":"","footnotes":""},"categories":[11],"tags":[],"class_list":["post-65518","post","type-post","status-publish","format-standard","has-post-thumbnail","hentry","category-politica"],"_links":{"self":[{"href":"https:\/\/www.caririemacao.com\/1\/wp-json\/wp\/v2\/posts\/65518","targetHints":{"allow":["GET"]}}],"collection":[{"href":"https:\/\/www.caririemacao.com\/1\/wp-json\/wp\/v2\/posts"}],"about":[{"href":"https:\/\/www.caririemacao.com\/1\/wp-json\/wp\/v2\/types\/post"}],"author":[{"embeddable":true,"href":"https:\/\/www.caririemacao.com\/1\/wp-json\/wp\/v2\/users\/1"}],"replies":[{"embeddable":true,"href":"https:\/\/www.caririemacao.com\/1\/wp-json\/wp\/v2\/comments?post=65518"}],"version-history":[{"count":1,"href":"https:\/\/www.caririemacao.com\/1\/wp-json\/wp\/v2\/posts\/65518\/revisions"}],"predecessor-version":[{"id":65519,"href":"https:\/\/www.caririemacao.com\/1\/wp-json\/wp\/v2\/posts\/65518\/revisions\/65519"}],"wp:featuredmedia":[{"embeddable":true,"href":"https:\/\/www.caririemacao.com\/1\/wp-json\/wp\/v2\/media\/62312"}],"wp:attachment":[{"href":"https:\/\/www.caririemacao.com\/1\/wp-json\/wp\/v2\/media?parent=65518"}],"wp:term":[{"taxonomy":"category","embeddable":true,"href":"https:\/\/www.caririemacao.com\/1\/wp-json\/wp\/v2\/categories?post=65518"},{"taxonomy":"post_tag","embeddable":true,"href":"https:\/\/www.caririemacao.com\/1\/wp-json\/wp\/v2\/tags?post=65518"}],"curies":[{"name":"wp","href":"https:\/\/api.w.org\/{rel}","templated":true}]}}