{"id":65520,"date":"2018-09-20T18:22:52","date_gmt":"2018-09-20T21:22:52","guid":{"rendered":"http:\/\/www.caririemacao.com\/1\/?p=65520"},"modified":"2018-09-20T18:22:52","modified_gmt":"2018-09-20T21:22:52","slug":"trecho-da-rodovia-anel-do-cariri-pb-186-sera-entregue-nesta-sexta-feira","status":"publish","type":"post","link":"https:\/\/www.caririemacao.com\/1\/2018\/09\/20\/trecho-da-rodovia-anel-do-cariri-pb-186-sera-entregue-nesta-sexta-feira\/","title":{"rendered":"Trecho da rodovia Anel do Cariri PB-186 ser\u00e1 entregue nesta sexta-feira"},"content":{"rendered":"<p>Ser\u00e1 inaugurada nesta sexta-feira (20) a reforma da\u00a0estrada PB-186, ligando S\u00e3o Domingos do Cariri a Cara\u00fabas.\u00a0O Governo do Estado concluiu a pavimenta\u00e7\u00e3o do \u00faltimo trecho do Anel do Cariri, conhecida como a maior obra rodovi\u00e1ria do Programa Caminhos da Para\u00edba.\u00a0\u00a0A obra tem uma extens\u00e3o total de 213,7 km e investimento de R$ 146,9 milh\u00f5es, com recursos do Tesouro do Estado.<\/p>\n<p>Compondo o Anel, tamb\u00e9m foram contempladas com pavimenta\u00e7\u00e3o as rodovias PB-264 &#8211; Zabel\u00ea\/S\u00e3o Sebasti\u00e3o do Umbuzeiro (13,2); PB-240 &#8211; S\u00e3o Sebasti\u00e3o do Umbuzeiro\/S\u00e3o Jo\u00e3o do Tigre (22 km); PB-224 &#8211; S\u00e3o Jo\u00e3o do Tigre\/Camala\u00fa (25 km); PB-196 &#8211; Camala\u00fa\/Congo (24 km); PB-196 &#8211; Congo\/Cara\u00fabas (22 km); PB-186 &#8211; Cara\u00fabas\/S\u00e3o Domingos do Cariri (13km); PB-186 &#8211; S\u00e3o Domingos do Cariri\/Cabaceiras (24,5 km; PB-214 &#8211; Congo\/Divisa da Para\u00edba com Pernambuco (17 km) e finalmente a PB-148 &#8211; Cabaceiras\/Boqueir\u00e3o\/Queimadas (53 km), beneficiada\u00a0\u00a0com obra de restaura\u00e7\u00e3o e refor\u00e7o estrutural e sinaliza\u00e7\u00e3o. Com exce\u00e7\u00e3o da rodovia S\u00e3o Domingos do Cariri\/Cara\u00fabas, todas as demais j\u00e1 foram inauguradas.<\/p>\n<p>Com uma extens\u00e3o total de 213,7 km e investimento de R$ 146,9 milh\u00f5es, com recursos do Tesouro do Estado, a constru\u00e7\u00e3o do Anel do Cariri foi dividida em tr\u00eas lotes, contemplando os munic\u00edpios de Zabel\u00ea, S\u00e3o Sebasti\u00e3o do Umbuzeiro, S\u00e3o Jo\u00e3o do Tigre, Camala\u00fa, Congo, Cara\u00fabas, S\u00e3o Domingos do Cariri, Cabaceiras, Boqueir\u00e3o e Queimadas, todos da regi\u00e3o do Cariri, beneficiando uma popula\u00e7\u00e3o de 127.199 habitantes. Vale lembrar que a obra tirou do isolamento com rodovias asfaltadas as cidades de S\u00e3o Domingos do Cariri, Cara\u00fabas, Congo, Camala\u00fa, S\u00e3o Jo\u00e3o do Tigre e S\u00e3o Sebasti\u00e3o do Umbuzeiro.<\/p>\n<p>O superintendente do Departamento de Estradas de Rodagem da Para\u00edba, Carlos Pereira de Carvalho e Silva, disse que a pavimenta\u00e7\u00e3o do Anel do Cariri proporciona a moderniza\u00e7\u00e3o da infraestrutura rodovi\u00e1ria e com ela chegou a melhoria das condi\u00e7\u00f5es da log\u00edstica de transporte e da qualidade de vida da popula\u00e7\u00e3o, al\u00e9m de conforto e seguran\u00e7a aos seus usu\u00e1rios. Lembra ainda que a obra, aliada com a transposi\u00e7\u00e3o das \u00e1guas do Rio S\u00e3o Francisco, impulsiona o desenvolvimento socioecon\u00f4mico do Cariri com o aumento do emprego e renda, dando um salto de qualidade de vida aos seus habitantes, historicamente sofridos por causa da falta de \u00e1gua e estradas pavimentadas.<\/p>\n<p>Click PB<\/p>\n<p>Cariri em A\u00e7\u00e3o<\/p>\n<p>Leia mais not\u00edcias em\u00a0<a href=\"http:\/\/www.caririemacao.com\/\">caririemacao.com<\/a>, siga nossa p\u00e1gina no\u00a0<a href=\"https:\/\/www.facebook.com\/CaririEmAcao\/?ref=aymt_homepage_panel\">Facebook<\/a>,\u00a0<a href=\"https:\/\/www.instagram.com\/cariri_em_acao\/?hl=pt-br\">Instagram<\/a>\u00a0e\u00a0<a href=\"https:\/\/www.youtube.com\/channel\/UCAptA0jQuYQy8vMhLt2m4qg\">Youtube<\/a>\u00a0e veja nossas mat\u00e9rias, v\u00eddeos e fotos. Voc\u00ea tamb\u00e9m pode enviar informa\u00e7\u00f5es \u00e0 Reda\u00e7\u00e3o do Portal Cariri em A\u00e7\u00e3o pelo WhatsApp (83) 9 9634.5791, (83) 9 9601-1162.<\/p>\n","protected":false},"excerpt":{"rendered":"<p>Ser\u00e1 inaugurada nesta sexta-feira (20) a reforma da\u00a0estrada PB-186, ligando S\u00e3o Domingos do Cariri a Cara\u00fabas.\u00a0O Governo do Estado concluiu a pavimenta\u00e7\u00e3o do \u00faltimo trecho&hellip; <\/p>\n","protected":false},"author":1,"featured_media":65521,"comment_status":"closed","ping_status":"closed","sticky":false,"template":"","format":"standard","meta":{"sfsi_plus_gutenberg_text_before_share":"","sfsi_plus_gutenberg_show_text_before_share":"","sfsi_plus_gutenberg_icon_type":"","sfsi_plus_gutenberg_icon_alignemt":"","sfsi_plus_gutenburg_max_per_row":"","footnotes":""},"categories":[2],"tags":[],"class_list":["post-65520","post","type-post","status-publish","format-standard","has-post-thumbnail","hentry","category-geral"],"_links":{"self":[{"href":"https:\/\/www.caririemacao.com\/1\/wp-json\/wp\/v2\/posts\/65520","targetHints":{"allow":["GET"]}}],"collection":[{"href":"https:\/\/www.caririemacao.com\/1\/wp-json\/wp\/v2\/posts"}],"about":[{"href":"https:\/\/www.caririemacao.com\/1\/wp-json\/wp\/v2\/types\/post"}],"author":[{"embeddable":true,"href":"https:\/\/www.caririemacao.com\/1\/wp-json\/wp\/v2\/users\/1"}],"replies":[{"embeddable":true,"href":"https:\/\/www.caririemacao.com\/1\/wp-json\/wp\/v2\/comments?post=65520"}],"version-history":[{"count":1,"href":"https:\/\/www.caririemacao.com\/1\/wp-json\/wp\/v2\/posts\/65520\/revisions"}],"predecessor-version":[{"id":65522,"href":"https:\/\/www.caririemacao.com\/1\/wp-json\/wp\/v2\/posts\/65520\/revisions\/65522"}],"wp:featuredmedia":[{"embeddable":true,"href":"https:\/\/www.caririemacao.com\/1\/wp-json\/wp\/v2\/media\/65521"}],"wp:attachment":[{"href":"https:\/\/www.caririemacao.com\/1\/wp-json\/wp\/v2\/media?parent=65520"}],"wp:term":[{"taxonomy":"category","embeddable":true,"href":"https:\/\/www.caririemacao.com\/1\/wp-json\/wp\/v2\/categories?post=65520"},{"taxonomy":"post_tag","embeddable":true,"href":"https:\/\/www.caririemacao.com\/1\/wp-json\/wp\/v2\/tags?post=65520"}],"curies":[{"name":"wp","href":"https:\/\/api.w.org\/{rel}","templated":true}]}}