{"id":65524,"date":"2018-09-20T18:35:34","date_gmt":"2018-09-20T21:35:34","guid":{"rendered":"http:\/\/www.caririemacao.com\/1\/?p=65524"},"modified":"2018-09-20T18:35:34","modified_gmt":"2018-09-20T21:35:34","slug":"prefeitura-de-sume-implanta-programa-saude-noturno","status":"publish","type":"post","link":"https:\/\/www.caririemacao.com\/1\/2018\/09\/20\/prefeitura-de-sume-implanta-programa-saude-noturno\/","title":{"rendered":"Prefeitura de Sum\u00e9 implanta Programa Sa\u00fade Noturno"},"content":{"rendered":"<p>A secretaria da sa\u00fade de Sum\u00e9 iniciou, nesse m\u00eas de setembro, o Programa Sa\u00fade Noturno. \u00a0A iniciativa visa levar atendimento m\u00e9dico, enfermeiro e odontol\u00f3gico a uma parcela da popula\u00e7\u00e3o que trabalha, e n\u00e3o tem tempo, no per\u00edodo diurno, de se deslocar at\u00e9 uma Unidade de Atendimento. \u00c9 uma a\u00e7\u00e3o pioneira na sa\u00fade p\u00fablica sumeense.<\/p>\n<p>O atendimento ocorre, de maneira alternada, a cada quinze dias, sempre \u00e0s 18h00. Uma equipe geral, formada por m\u00e9dico, enfermeiro, t\u00e9cnico de enfermagem e dentista, comp\u00f5e o programa. O atendimento odontol\u00f3gico, noturno, j\u00e1 ocorre tr\u00eas vezes por semana. O agendamento para as consultas \u00e9 realizado, previamente, durante o dia ou \u00e0 noite no pr\u00f3prio local.<\/p>\n<p>De acordo com informa\u00e7\u00f5es do coordenador da Sa\u00fade B\u00e1sica, do Munic\u00edpio, Jaime, nesse primeiro momento, o programa sa\u00fade noturno acontece, na unidade central, (UBS4), mas, dependendo da procura, h\u00e1 possibilidade dele se estender para outros bairros. \u201cInicialmente, essa a\u00e7\u00e3o acontece na unidade do centro. \u00a0Claro, que dependendo do interesse das pessoas em outros bairros, de nossa cidade, estudaremos a possibilidade de ampliar\u201d, afirmou.<\/p>\n<p>Ascom\/PMS<\/p>\n<p>Cariri em A\u00e7\u00e3o<\/p>\n<p>Leia mais not\u00edcias em\u00a0<a href=\"http:\/\/www.caririemacao.com\/\">caririemacao.com<\/a>, siga nossa p\u00e1gina no\u00a0<a href=\"https:\/\/www.facebook.com\/CaririEmAcao\/?ref=aymt_homepage_panel\">Facebook<\/a>,\u00a0<a href=\"https:\/\/www.instagram.com\/cariri_em_acao\/?hl=pt-br\">Instagram<\/a>\u00a0e\u00a0<a href=\"https:\/\/www.youtube.com\/channel\/UCAptA0jQuYQy8vMhLt2m4qg\">Youtube<\/a>\u00a0e veja nossas mat\u00e9rias, v\u00eddeos e fotos. Voc\u00ea tamb\u00e9m pode enviar informa\u00e7\u00f5es \u00e0 Reda\u00e7\u00e3o do Portal Cariri em A\u00e7\u00e3o pelo WhatsApp (83) 9 9634.5791, (83) 9 9601-1162.<\/p>\n","protected":false},"excerpt":{"rendered":"<p>A secretaria da sa\u00fade de Sum\u00e9 iniciou, nesse m\u00eas de setembro, o Programa Sa\u00fade Noturno. \u00a0A iniciativa visa levar atendimento m\u00e9dico, enfermeiro e odontol\u00f3gico a&hellip; <\/p>\n","protected":false},"author":1,"featured_media":65294,"comment_status":"closed","ping_status":"closed","sticky":false,"template":"","format":"standard","meta":{"sfsi_plus_gutenberg_text_before_share":"","sfsi_plus_gutenberg_show_text_before_share":"","sfsi_plus_gutenberg_icon_type":"","sfsi_plus_gutenberg_icon_alignemt":"","sfsi_plus_gutenburg_max_per_row":"","footnotes":""},"categories":[16],"tags":[],"class_list":["post-65524","post","type-post","status-publish","format-standard","has-post-thumbnail","hentry","category-saude"],"_links":{"self":[{"href":"https:\/\/www.caririemacao.com\/1\/wp-json\/wp\/v2\/posts\/65524","targetHints":{"allow":["GET"]}}],"collection":[{"href":"https:\/\/www.caririemacao.com\/1\/wp-json\/wp\/v2\/posts"}],"about":[{"href":"https:\/\/www.caririemacao.com\/1\/wp-json\/wp\/v2\/types\/post"}],"author":[{"embeddable":true,"href":"https:\/\/www.caririemacao.com\/1\/wp-json\/wp\/v2\/users\/1"}],"replies":[{"embeddable":true,"href":"https:\/\/www.caririemacao.com\/1\/wp-json\/wp\/v2\/comments?post=65524"}],"version-history":[{"count":1,"href":"https:\/\/www.caririemacao.com\/1\/wp-json\/wp\/v2\/posts\/65524\/revisions"}],"predecessor-version":[{"id":65525,"href":"https:\/\/www.caririemacao.com\/1\/wp-json\/wp\/v2\/posts\/65524\/revisions\/65525"}],"wp:featuredmedia":[{"embeddable":true,"href":"https:\/\/www.caririemacao.com\/1\/wp-json\/wp\/v2\/media\/65294"}],"wp:attachment":[{"href":"https:\/\/www.caririemacao.com\/1\/wp-json\/wp\/v2\/media?parent=65524"}],"wp:term":[{"taxonomy":"category","embeddable":true,"href":"https:\/\/www.caririemacao.com\/1\/wp-json\/wp\/v2\/categories?post=65524"},{"taxonomy":"post_tag","embeddable":true,"href":"https:\/\/www.caririemacao.com\/1\/wp-json\/wp\/v2\/tags?post=65524"}],"curies":[{"name":"wp","href":"https:\/\/api.w.org\/{rel}","templated":true}]}}