{"id":65526,"date":"2018-09-20T18:45:05","date_gmt":"2018-09-20T21:45:05","guid":{"rendered":"http:\/\/www.caririemacao.com\/1\/?p=65526"},"modified":"2018-09-20T18:45:05","modified_gmt":"2018-09-20T21:45:05","slug":"hoje-tem-debate-com-os-candidatos-a-presidencia-da-republica","status":"publish","type":"post","link":"https:\/\/www.caririemacao.com\/1\/2018\/09\/20\/hoje-tem-debate-com-os-candidatos-a-presidencia-da-republica\/","title":{"rendered":"Hoje tem debate com os candidatos \u00e0 Presid\u00eancia da Rep\u00fablica"},"content":{"rendered":"<p>A\u00a0Confer\u00eancia Nacional dos Bispos do Brasil (CNBB) promove, nesta quinta-feira, 20 de setembro, um debate entre os principais candidatos \u00e0 presid\u00eancia da Rep\u00fablica nas elei\u00e7\u00f5es de 2018.<\/p>\n<p>Come\u00e7a \u00e0s 21h30 e ser\u00e1 transmitido pela TV Aparecida e Rede Vida de Televis\u00e3o.<\/p>\n<p>A participa\u00e7\u00e3o segue a Lei Eleitoral que estabelece as regras da campanha e que determina que as emissoras de r\u00e1dio e TV s\u00e3o obrigadas a convidar para os debates os candidatos dos partidos que tiverem no m\u00ednimo 5 parlamentares no Congresso Nacional, entre deputados e senadores.<\/p>\n<p>Quanto aos demais candidatos, as emissoras t\u00eam autonomia para convidar ou n\u00e3o (Artigo 46 da Lei 13.488\/2017).<\/p>\n<p>Est\u00e3o confirmados no debate, sete candidatos: \u00c1lvaro Dias (Podemos), Ciro Gomes (PDT), Fernando Haddad (PT), Geraldo Alckmin (PSDB), Guilherme Boulos (PSOL), Henrique Meireles (MDB) e Marina Silva (Rede).<\/p>\n<p>Participam como entrevistadores: jornalistas das emissoras cat\u00f3licas e bispos. A condu\u00e7\u00e3o do debate \u00e9 de responsabilidade da jornalista Joyce Ribeiro.<\/p>\n<p>Para\u00edba Online<\/p>\n<p>Cariri em A\u00e7\u00e3o<\/p>\n<p>Leia mais not\u00edcias em\u00a0<a href=\"http:\/\/www.caririemacao.com\/\">caririemacao.com<\/a>, siga nossa p\u00e1gina no\u00a0<a href=\"https:\/\/www.facebook.com\/CaririEmAcao\/?ref=aymt_homepage_panel\">Facebook<\/a>,\u00a0<a href=\"https:\/\/www.instagram.com\/cariri_em_acao\/?hl=pt-br\">Instagram<\/a>\u00a0e\u00a0<a href=\"https:\/\/www.youtube.com\/channel\/UCAptA0jQuYQy8vMhLt2m4qg\">Youtube<\/a>\u00a0e veja nossas mat\u00e9rias, v\u00eddeos e fotos. Voc\u00ea tamb\u00e9m pode enviar informa\u00e7\u00f5es \u00e0 Reda\u00e7\u00e3o do Portal Cariri em A\u00e7\u00e3o pelo WhatsApp (83) 9 9634.5791, (83) 9 9601-1162.<\/p>\n","protected":false},"excerpt":{"rendered":"<p>A\u00a0Confer\u00eancia Nacional dos Bispos do Brasil (CNBB) promove, nesta quinta-feira, 20 de setembro, um debate entre os principais candidatos \u00e0 presid\u00eancia da Rep\u00fablica nas elei\u00e7\u00f5es&hellip; <\/p>\n","protected":false},"author":1,"featured_media":60513,"comment_status":"closed","ping_status":"closed","sticky":false,"template":"","format":"standard","meta":{"sfsi_plus_gutenberg_text_before_share":"","sfsi_plus_gutenberg_show_text_before_share":"","sfsi_plus_gutenberg_icon_type":"","sfsi_plus_gutenberg_icon_alignemt":"","sfsi_plus_gutenburg_max_per_row":"","footnotes":""},"categories":[1],"tags":[],"class_list":["post-65526","post","type-post","status-publish","format-standard","has-post-thumbnail","hentry","category-o-site"],"_links":{"self":[{"href":"https:\/\/www.caririemacao.com\/1\/wp-json\/wp\/v2\/posts\/65526","targetHints":{"allow":["GET"]}}],"collection":[{"href":"https:\/\/www.caririemacao.com\/1\/wp-json\/wp\/v2\/posts"}],"about":[{"href":"https:\/\/www.caririemacao.com\/1\/wp-json\/wp\/v2\/types\/post"}],"author":[{"embeddable":true,"href":"https:\/\/www.caririemacao.com\/1\/wp-json\/wp\/v2\/users\/1"}],"replies":[{"embeddable":true,"href":"https:\/\/www.caririemacao.com\/1\/wp-json\/wp\/v2\/comments?post=65526"}],"version-history":[{"count":1,"href":"https:\/\/www.caririemacao.com\/1\/wp-json\/wp\/v2\/posts\/65526\/revisions"}],"predecessor-version":[{"id":65527,"href":"https:\/\/www.caririemacao.com\/1\/wp-json\/wp\/v2\/posts\/65526\/revisions\/65527"}],"wp:featuredmedia":[{"embeddable":true,"href":"https:\/\/www.caririemacao.com\/1\/wp-json\/wp\/v2\/media\/60513"}],"wp:attachment":[{"href":"https:\/\/www.caririemacao.com\/1\/wp-json\/wp\/v2\/media?parent=65526"}],"wp:term":[{"taxonomy":"category","embeddable":true,"href":"https:\/\/www.caririemacao.com\/1\/wp-json\/wp\/v2\/categories?post=65526"},{"taxonomy":"post_tag","embeddable":true,"href":"https:\/\/www.caririemacao.com\/1\/wp-json\/wp\/v2\/tags?post=65526"}],"curies":[{"name":"wp","href":"https:\/\/api.w.org\/{rel}","templated":true}]}}