{"id":65528,"date":"2018-09-20T21:33:40","date_gmt":"2018-09-21T00:33:40","guid":{"rendered":"http:\/\/www.caririemacao.com\/1\/?p=65528"},"modified":"2018-09-20T21:33:40","modified_gmt":"2018-09-21T00:33:40","slug":"poetas-eugenio-e-o-monteirense-zelito-nunes-apresentam-espetaculo-humor-na-feira","status":"publish","type":"post","link":"https:\/\/www.caririemacao.com\/1\/2018\/09\/20\/poetas-eugenio-e-o-monteirense-zelito-nunes-apresentam-espetaculo-humor-na-feira\/","title":{"rendered":"Poetas Eugenio e o monteirense Zelito Nunes apresentam espet\u00e1culo Humor na Feira"},"content":{"rendered":"<div>Sertanejos de regi\u00f5es fronteiri\u00e7as, os poetas Eugenio Jer\u00f4nimo e Zelito Nunes se uniram na cria\u00e7\u00e3o de um recital, que explora a profundidade, os medos e as lendas do Sert\u00e3o, a partir de uma linguagem espec\u00edfica do poeta do interior. O\u00a0espet\u00e1culo\u00a0<em>Humor na feira,\u00a0<\/em>apresentado em Recife, tem a proposta de fugir de solu\u00e7\u00f5es humor\u00edsticas f\u00e1ceis, calcadas em estere\u00f3tipos e preconceitos.\u00a0\u201cNos preocupamos em superar o humor preconceituoso, que massacra grupos espec\u00edficos com comicidades baratas contra a mulher, o homossexual e outras minorias\u201d, explica Eugenio.<\/div>\n<div>Respeitando o avan\u00e7o da sociedade, o recital, dirigido por Rog\u00e9rio Robalinho, aborda tem\u00e1ticas que s\u00e3o presentes no Sert\u00e3o, a exemplo de hist\u00f3rias sobre bodegas, pol\u00edtica, trabalhos da regi\u00e3o, b\u00eabados e insanidades. \u201cA loucura exerce um papel central em uma sociedade conservadora, como a sertaneja, porque h\u00e1 muitas verdades cortantes que a gente precisa falar e nem sempre pode, dentro da estrutura social do Sert\u00e3o. Ent\u00e3o, se colocarmos essa verdade dentro da boca de um \u2018doido\u2019, tudo se resolve. S\u00e3o personagens com tiradas filos\u00f3ficas, respostas po\u00e9ticas e inesperadas\u201d, adianta. Al\u00e9m dessas hist\u00f3rias, o espet\u00e1culo sucede com cria\u00e7\u00f5es liter\u00e1rias, todas de autoria de Eugenio. \u201cN\u00e3o devemos considerar o humor como algo que se escreve ou faz de qualquer jeito. Nesses textos, eu emprego t\u00e9cnicas e recursos que a alta literatura disponibiliza para a gente.\u201d<\/div>\n<div>Pernambucano de Iguaracy, no Paje\u00fa, Eugenio conta que os personagens s\u00e3o constru\u00eddos a partir das viv\u00eancias dele e de seu parceiro de palco, Zelito, paraibano de Monteiro, no Cariri. \u201cProcuramos dar tamb\u00e9m uma identidade pr\u00f3pria a cada um desses personagens, para que n\u00e3o seja apenas estere\u00f3tipos, mas que eles tenham caracter\u00edsticas pr\u00f3prias.\u201d Nesse recital, que existe desde 2016, o riso pelo riso \u00e9 deixado de lado. Apostando na intelig\u00eancia do p\u00fablico, Eugenio afirma que o humor pode ser uma das formas mais eficientes de se falar sobre assuntos profundos e s\u00e9rios. \u201cN\u00e3o digo que o palavr\u00e3o estar\u00e1 ausente do nosso espet\u00e1culo, ele s\u00f3 n\u00e3o ser\u00e1 gratuito, tem que estar l\u00e1 com alguma fun\u00e7\u00e3o espec\u00edfica\u201d, defende o poeta.<\/div>\n<div>Apesar de atrair um p\u00fablico com mais experi\u00eancia liter\u00e1ria e gosto mais sofisticado, o apelo popular tamb\u00e9m se faz presente, a come\u00e7ar pelo t\u00edtulo da apresenta\u00e7\u00e3o. \u201c\u00c9 como a cr\u00edtica que o nosso mestre Ariano Suassuna fazia \u00e0 hist\u00f3ria de que cachorro s\u00f3 gosta de osso: \u2018Experimente dar fil\u00e9, para ver se ele n\u00e3o gosta\u2019. Ent\u00e3o, eu acredito que uma das fun\u00e7\u00f5es do artista deve ser apostar na capacidade de desenvolvimento cultural e compreens\u00e3o do p\u00fablico\u201d, finaliza Eugenio. Dialogando com o roteiro, o espet\u00e1culo conta ainda com uma participa\u00e7\u00e3o musical do cantor e compositor Z\u00e9 Linaldo, do munic\u00edpio de Palmares.<\/div>\n<div><\/div>\n<div>Vitrine do Cariri<\/div>\n<div>\n<p>Cariri em A\u00e7\u00e3o<\/p>\n<p>Leia mais not\u00edcias em\u00a0<a href=\"http:\/\/www.caririemacao.com\/\">caririemacao.com<\/a>, siga nossa p\u00e1gina no\u00a0<a href=\"https:\/\/www.facebook.com\/CaririEmAcao\/?ref=aymt_homepage_panel\">Facebook<\/a>,\u00a0<a href=\"https:\/\/www.instagram.com\/cariri_em_acao\/?hl=pt-br\">Instagram<\/a>\u00a0e\u00a0<a href=\"https:\/\/www.youtube.com\/channel\/UCAptA0jQuYQy8vMhLt2m4qg\">Youtube<\/a>\u00a0e veja nossas mat\u00e9rias, v\u00eddeos e fotos. Voc\u00ea tamb\u00e9m pode enviar informa\u00e7\u00f5es \u00e0 Reda\u00e7\u00e3o do Portal Cariri em A\u00e7\u00e3o pelo WhatsApp (83) 9 9634.5791, (83) 9 9601-1162.<\/p>\n<\/div>\n","protected":false},"excerpt":{"rendered":"<p>Sertanejos de regi\u00f5es fronteiri\u00e7as, os poetas Eugenio Jer\u00f4nimo e Zelito Nunes se uniram na cria\u00e7\u00e3o de um recital, que explora a profundidade, os medos e&hellip; <\/p>\n","protected":false},"author":1,"featured_media":65529,"comment_status":"closed","ping_status":"closed","sticky":false,"template":"","format":"standard","meta":{"sfsi_plus_gutenberg_text_before_share":"","sfsi_plus_gutenberg_show_text_before_share":"","sfsi_plus_gutenberg_icon_type":"","sfsi_plus_gutenberg_icon_alignemt":"","sfsi_plus_gutenburg_max_per_row":"","footnotes":""},"categories":[15],"tags":[],"class_list":["post-65528","post","type-post","status-publish","format-standard","has-post-thumbnail","hentry","category-cultura"],"_links":{"self":[{"href":"https:\/\/www.caririemacao.com\/1\/wp-json\/wp\/v2\/posts\/65528","targetHints":{"allow":["GET"]}}],"collection":[{"href":"https:\/\/www.caririemacao.com\/1\/wp-json\/wp\/v2\/posts"}],"about":[{"href":"https:\/\/www.caririemacao.com\/1\/wp-json\/wp\/v2\/types\/post"}],"author":[{"embeddable":true,"href":"https:\/\/www.caririemacao.com\/1\/wp-json\/wp\/v2\/users\/1"}],"replies":[{"embeddable":true,"href":"https:\/\/www.caririemacao.com\/1\/wp-json\/wp\/v2\/comments?post=65528"}],"version-history":[{"count":1,"href":"https:\/\/www.caririemacao.com\/1\/wp-json\/wp\/v2\/posts\/65528\/revisions"}],"predecessor-version":[{"id":65530,"href":"https:\/\/www.caririemacao.com\/1\/wp-json\/wp\/v2\/posts\/65528\/revisions\/65530"}],"wp:featuredmedia":[{"embeddable":true,"href":"https:\/\/www.caririemacao.com\/1\/wp-json\/wp\/v2\/media\/65529"}],"wp:attachment":[{"href":"https:\/\/www.caririemacao.com\/1\/wp-json\/wp\/v2\/media?parent=65528"}],"wp:term":[{"taxonomy":"category","embeddable":true,"href":"https:\/\/www.caririemacao.com\/1\/wp-json\/wp\/v2\/categories?post=65528"},{"taxonomy":"post_tag","embeddable":true,"href":"https:\/\/www.caririemacao.com\/1\/wp-json\/wp\/v2\/tags?post=65528"}],"curies":[{"name":"wp","href":"https:\/\/api.w.org\/{rel}","templated":true}]}}