{"id":65531,"date":"2018-09-20T21:37:00","date_gmt":"2018-09-21T00:37:00","guid":{"rendered":"http:\/\/www.caririemacao.com\/1\/?p=65531"},"modified":"2018-09-20T21:37:00","modified_gmt":"2018-09-21T00:37:00","slug":"dia-d-de-vacinacao-contra-a-raiva-em-caes-e-gatos-acontece-neste-sabado-em-monteiro","status":"publish","type":"post","link":"https:\/\/www.caririemacao.com\/1\/2018\/09\/20\/dia-d-de-vacinacao-contra-a-raiva-em-caes-e-gatos-acontece-neste-sabado-em-monteiro\/","title":{"rendered":"\u201cDia D\u201d de Vacina\u00e7\u00e3o contra a Raiva em C\u00e3es e Gatos acontece neste s\u00e1bado em Monteiro"},"content":{"rendered":"<p><img fetchpriority=\"high\" decoding=\"async\" class=\"size-medium wp-image-22903 alignright\" src=\"http:\/\/www.vitrinedocariri.com.br\/wp-content\/uploads\/2018\/09\/raiva-campanha-2-591x399-300x203.jpg\" alt=\"\" width=\"300\" height=\"203\" \/>A Campanha de Vacina\u00e7\u00e3o contra a Raiva para C\u00e3es e Gatos no Munic\u00edpio de Monteiro teve seu in\u00edcio no dia 10 de setembro e acontece at\u00e9 o pr\u00f3ximo dia 24, sendo o dia 22 escolhido como o Dia D da campanha.<\/p>\n<p>A a\u00e7\u00e3o come\u00e7a \u00e0s 08 horas e conta com postos de vacina\u00e7\u00e3o oferecidos em diferentes endere\u00e7os da cidade e zona rural atrav\u00e9s dos Postos de Sa\u00fade da Fam\u00edlia e sede da Vigil\u00e2ncia em Sa\u00fade.<\/p>\n<p>Ap\u00f3s o \u201cDia D\u201d, durante a semana, os Agentes Comunit\u00e1rios de Sa\u00fade conduzir\u00e3o as equipes da zona rural para pontos estrat\u00e9gicos previamente marcados.<\/p>\n<p><strong>A Raiva<\/strong><\/p>\n<p>A raiva \u00e9 uma doen\u00e7a transmiss\u00edvel, caracterizada pelo cont\u00e1gio direto, ou seja, atrav\u00e9s de mordida, arranh\u00f5es ou lambedura de c\u00e3es, gatos ou outros mam\u00edferos, como por exemplo, morcegos, infectados. A ades\u00e3o da popula\u00e7\u00e3o \u00e0 Campanha \u00e9 importante para que a Raiva permane\u00e7a sob controle.<\/p>\n<p>Todos os c\u00e3es e gatos com\u00a0mais de tr\u00eas meses de idade\u00a0devem receber a vacina, exceto os animais doentes (animais com diarreia, secre\u00e7\u00e3o ocular ou nasal, convalescentes de cirurgias ou outras enfermidades). A vacina\u00e7\u00e3o \u00e9 anual, e uma das mais importantes medidas para a preven\u00e7\u00e3o e controle da doen\u00e7a.<\/p>\n<p><strong>Recomenda\u00e7\u00f5es para o dia da vacina\u00e7\u00e3o<\/strong><\/p>\n<ul>\n<li>Todos os c\u00e3es devem estar com coleira e guia. A focinheira \u00e9 obrigat\u00f3ria em animais bravos;<br \/>\n\u2022 Gatos s\u00e3o mais assustados e devem ser levados em caixas de transporte ou similar, evitando fugas ou acidentes;<br \/>\nSaiba mais<\/li>\n<\/ul>\n<p>A vacina\u00e7\u00e3o \u00e9 gratuita e obrigat\u00f3ria para c\u00e3es e gatos e a imuniza\u00e7\u00e3o \u00e9 feita com seringas e agulhas s\u00e3o descart\u00e1veis. O cart\u00e3o \u00e9 o documento que atesta a vacina\u00e7\u00e3o do animal contra a raiva, e \u00e9 valido por um ano.<\/p>\n<p>Ascom\/Monteiro<\/p>\n<p>Cariri em A\u00e7\u00e3o<\/p>\n<p>Leia mais not\u00edcias em\u00a0<a href=\"http:\/\/www.caririemacao.com\/\">caririemacao.com<\/a>, siga nossa p\u00e1gina no\u00a0<a href=\"https:\/\/www.facebook.com\/CaririEmAcao\/?ref=aymt_homepage_panel\">Facebook<\/a>,\u00a0<a href=\"https:\/\/www.instagram.com\/cariri_em_acao\/?hl=pt-br\">Instagram<\/a>\u00a0e\u00a0<a href=\"https:\/\/www.youtube.com\/channel\/UCAptA0jQuYQy8vMhLt2m4qg\">Youtube<\/a>\u00a0e veja nossas mat\u00e9rias, v\u00eddeos e fotos. Voc\u00ea tamb\u00e9m pode enviar informa\u00e7\u00f5es \u00e0 Reda\u00e7\u00e3o do Portal Cariri em A\u00e7\u00e3o pelo WhatsApp (83) 9 9634.5791, (83) 9 9601-1162.<\/p>\n","protected":false},"excerpt":{"rendered":"<p>A Campanha de Vacina\u00e7\u00e3o contra a Raiva para C\u00e3es e Gatos no Munic\u00edpio de Monteiro teve seu in\u00edcio no dia 10 de setembro e acontece&hellip; <\/p>\n","protected":false},"author":1,"featured_media":65532,"comment_status":"closed","ping_status":"closed","sticky":false,"template":"","format":"standard","meta":{"sfsi_plus_gutenberg_text_before_share":"","sfsi_plus_gutenberg_show_text_before_share":"","sfsi_plus_gutenberg_icon_type":"","sfsi_plus_gutenberg_icon_alignemt":"","sfsi_plus_gutenburg_max_per_row":"","footnotes":""},"categories":[16],"tags":[],"class_list":["post-65531","post","type-post","status-publish","format-standard","has-post-thumbnail","hentry","category-saude"],"_links":{"self":[{"href":"https:\/\/www.caririemacao.com\/1\/wp-json\/wp\/v2\/posts\/65531","targetHints":{"allow":["GET"]}}],"collection":[{"href":"https:\/\/www.caririemacao.com\/1\/wp-json\/wp\/v2\/posts"}],"about":[{"href":"https:\/\/www.caririemacao.com\/1\/wp-json\/wp\/v2\/types\/post"}],"author":[{"embeddable":true,"href":"https:\/\/www.caririemacao.com\/1\/wp-json\/wp\/v2\/users\/1"}],"replies":[{"embeddable":true,"href":"https:\/\/www.caririemacao.com\/1\/wp-json\/wp\/v2\/comments?post=65531"}],"version-history":[{"count":1,"href":"https:\/\/www.caririemacao.com\/1\/wp-json\/wp\/v2\/posts\/65531\/revisions"}],"predecessor-version":[{"id":65533,"href":"https:\/\/www.caririemacao.com\/1\/wp-json\/wp\/v2\/posts\/65531\/revisions\/65533"}],"wp:featuredmedia":[{"embeddable":true,"href":"https:\/\/www.caririemacao.com\/1\/wp-json\/wp\/v2\/media\/65532"}],"wp:attachment":[{"href":"https:\/\/www.caririemacao.com\/1\/wp-json\/wp\/v2\/media?parent=65531"}],"wp:term":[{"taxonomy":"category","embeddable":true,"href":"https:\/\/www.caririemacao.com\/1\/wp-json\/wp\/v2\/categories?post=65531"},{"taxonomy":"post_tag","embeddable":true,"href":"https:\/\/www.caririemacao.com\/1\/wp-json\/wp\/v2\/tags?post=65531"}],"curies":[{"name":"wp","href":"https:\/\/api.w.org\/{rel}","templated":true}]}}