{"id":65537,"date":"2018-09-20T21:50:19","date_gmt":"2018-09-21T00:50:19","guid":{"rendered":"http:\/\/www.caririemacao.com\/1\/?p=65537"},"modified":"2018-09-20T21:50:19","modified_gmt":"2018-09-21T00:50:19","slug":"em-carta-fhc-pede-uniao-contra-candidatos-radicais-para-evitar-agravamento-da-crise","status":"publish","type":"post","link":"https:\/\/www.caririemacao.com\/1\/2018\/09\/20\/em-carta-fhc-pede-uniao-contra-candidatos-radicais-para-evitar-agravamento-da-crise\/","title":{"rendered":"Em carta, FHC pede uni\u00e3o contra candidatos radicais para evitar agravamento da crise"},"content":{"rendered":"<p>O ex-presidente Fernando Henrique Cardoso (PSDB) divulgou nesta quinta-feira (20) uma carta aos brasileiros na qual pede aos candidatos que n\u00e3o apostam em solu\u00e7\u00f5es extremas que se re\u00fanam e decidam apoiar quem\u00a0\u201cmelhores condi\u00e7\u00f5es\u00a0de \u00eaxito eleitoral tiver\u201d, caso contr\u00e1rio\u00a0a \u201ccrise tender\u00e1 certamente a se agravar\u201d.<\/p>\n<p>Segundo FHC, ante a dramaticidade do quadro atual, ou se busca a coes\u00e3o pol\u00edtica, \u201ccom coragem para falar o que j\u00e1 se sabe e a sensatez para juntar os mais capazes para evitar que o barco naufrague\u201d, ou o \u201cremendo eleitoral da escolha de um salvador da P\u00e1tria ou de um demagogo, mesmo que bem intencionado, nos levar\u00e1 ao aprofundamento da crise econ\u00f4mica, social e pol\u00edtica\u201d.<\/p>\n<p>Para\u00edba Online<\/p>\n<p>Cariri em A\u00e7\u00e3o<\/p>\n<p>Leia mais not\u00edcias em\u00a0<a href=\"http:\/\/www.caririemacao.com\/\">caririemacao.com<\/a>, siga nossa p\u00e1gina no\u00a0<a href=\"https:\/\/www.facebook.com\/CaririEmAcao\/?ref=aymt_homepage_panel\">Facebook<\/a>,\u00a0<a href=\"https:\/\/www.instagram.com\/cariri_em_acao\/?hl=pt-br\">Instagram<\/a>\u00a0e\u00a0<a href=\"https:\/\/www.youtube.com\/channel\/UCAptA0jQuYQy8vMhLt2m4qg\">Youtube<\/a>\u00a0e veja nossas mat\u00e9rias, v\u00eddeos e fotos. Voc\u00ea tamb\u00e9m pode enviar informa\u00e7\u00f5es \u00e0 Reda\u00e7\u00e3o do Portal Cariri em A\u00e7\u00e3o pelo WhatsApp (83) 9 9634.5791, (83) 9 9601-1162.<\/p>\n","protected":false},"excerpt":{"rendered":"<p>O ex-presidente Fernando Henrique Cardoso (PSDB) divulgou nesta quinta-feira (20) uma carta aos brasileiros na qual pede aos candidatos que n\u00e3o apostam em solu\u00e7\u00f5es extremas&hellip; <\/p>\n","protected":false},"author":1,"featured_media":65538,"comment_status":"closed","ping_status":"closed","sticky":false,"template":"","format":"standard","meta":{"sfsi_plus_gutenberg_text_before_share":"","sfsi_plus_gutenberg_show_text_before_share":"","sfsi_plus_gutenberg_icon_type":"","sfsi_plus_gutenberg_icon_alignemt":"","sfsi_plus_gutenburg_max_per_row":"","footnotes":""},"categories":[1],"tags":[],"class_list":["post-65537","post","type-post","status-publish","format-standard","has-post-thumbnail","hentry","category-o-site"],"_links":{"self":[{"href":"https:\/\/www.caririemacao.com\/1\/wp-json\/wp\/v2\/posts\/65537","targetHints":{"allow":["GET"]}}],"collection":[{"href":"https:\/\/www.caririemacao.com\/1\/wp-json\/wp\/v2\/posts"}],"about":[{"href":"https:\/\/www.caririemacao.com\/1\/wp-json\/wp\/v2\/types\/post"}],"author":[{"embeddable":true,"href":"https:\/\/www.caririemacao.com\/1\/wp-json\/wp\/v2\/users\/1"}],"replies":[{"embeddable":true,"href":"https:\/\/www.caririemacao.com\/1\/wp-json\/wp\/v2\/comments?post=65537"}],"version-history":[{"count":1,"href":"https:\/\/www.caririemacao.com\/1\/wp-json\/wp\/v2\/posts\/65537\/revisions"}],"predecessor-version":[{"id":65539,"href":"https:\/\/www.caririemacao.com\/1\/wp-json\/wp\/v2\/posts\/65537\/revisions\/65539"}],"wp:featuredmedia":[{"embeddable":true,"href":"https:\/\/www.caririemacao.com\/1\/wp-json\/wp\/v2\/media\/65538"}],"wp:attachment":[{"href":"https:\/\/www.caririemacao.com\/1\/wp-json\/wp\/v2\/media?parent=65537"}],"wp:term":[{"taxonomy":"category","embeddable":true,"href":"https:\/\/www.caririemacao.com\/1\/wp-json\/wp\/v2\/categories?post=65537"},{"taxonomy":"post_tag","embeddable":true,"href":"https:\/\/www.caririemacao.com\/1\/wp-json\/wp\/v2\/tags?post=65537"}],"curies":[{"name":"wp","href":"https:\/\/api.w.org\/{rel}","templated":true}]}}