{"id":65541,"date":"2018-09-21T01:15:20","date_gmt":"2018-09-21T04:15:20","guid":{"rendered":"http:\/\/www.caririemacao.com\/1\/?p=65541"},"modified":"2018-09-21T11:15:12","modified_gmt":"2018-09-21T14:15:12","slug":"garota-do-mel-marca-abertura-do-x-festival-do-mel-em-sao-jose-dos-cordeiros","status":"publish","type":"post","link":"https:\/\/www.caririemacao.com\/1\/2018\/09\/21\/garota-do-mel-marca-abertura-do-x-festival-do-mel-em-sao-jose-dos-cordeiros\/","title":{"rendered":"Garota do Mel marca abertura do X Festival do Mel em S\u00e3o Jos\u00e9 dos Cordeiros"},"content":{"rendered":"<p>A 10\u00aa edi\u00e7\u00e3o do Festival do Mel foi aberta oficialmente na noite desta quinta-feira, dia 20, pelo prefeito Jefferson Roberto. O evento se estende at\u00e9 o pr\u00f3ximo domingo, dia 23.<\/p>\n<p>O primeiro dia foi marcado pela presen\u00e7a de autoridades, realiza\u00e7\u00e3o do 1\u00aa Mostra de Dan\u00e7a e o desfile da Garota do Mel 2018.<\/p>\n<p><img fetchpriority=\"high\" decoding=\"async\" class=\"wp-image-65544 size-full aligncenter\" src=\"http:\/\/www.caririemacao.com\/1\/wp-content\/uploads\/2018\/09\/Festival-do-Mel-2018-9-1.jpg\" alt=\"\" width=\"800\" height=\"533\" srcset=\"https:\/\/www.caririemacao.com\/1\/wp-content\/uploads\/2018\/09\/Festival-do-Mel-2018-9-1.jpg 800w, https:\/\/www.caririemacao.com\/1\/wp-content\/uploads\/2018\/09\/Festival-do-Mel-2018-9-1-300x200.jpg 300w, https:\/\/www.caririemacao.com\/1\/wp-content\/uploads\/2018\/09\/Festival-do-Mel-2018-9-1-768x512.jpg 768w\" sizes=\"(max-width: 800px) 100vw, 800px\" \/><\/p>\n<p>Inicialmente, v\u00e1rios grupos de dan\u00e7as participaram da 1\u00aa Mostra de Dan\u00e7a do Festival do Mel, onde se apresentaram para o p\u00fablico presente, os grupos do SCFV, Cia Filhos da Dan\u00e7a de Sum\u00e9 e o Grupo Folcl\u00f3rico Aredec\u00f4.<\/p>\n<p><img decoding=\"async\" class=\"wp-image-65545 size-full aligncenter lazyload\" data-src=\"http:\/\/www.caririemacao.com\/1\/wp-content\/uploads\/2018\/09\/Festival-do-Mel-2018-23.jpg\" alt=\"\" width=\"800\" height=\"533\" data-srcset=\"https:\/\/www.caririemacao.com\/1\/wp-content\/uploads\/2018\/09\/Festival-do-Mel-2018-23.jpg 800w, https:\/\/www.caririemacao.com\/1\/wp-content\/uploads\/2018\/09\/Festival-do-Mel-2018-23-300x200.jpg 300w, https:\/\/www.caririemacao.com\/1\/wp-content\/uploads\/2018\/09\/Festival-do-Mel-2018-23-768x512.jpg 768w\" data-sizes=\"(max-width: 800px) 100vw, 800px\" src=\"data:image\/svg+xml;base64,PHN2ZyB3aWR0aD0iMSIgaGVpZ2h0PSIxIiB4bWxucz0iaHR0cDovL3d3dy53My5vcmcvMjAwMC9zdmciPjwvc3ZnPg==\" style=\"--smush-placeholder-width: 800px; --smush-placeholder-aspect-ratio: 800\/533;\" \/><\/p>\n<p>Ap\u00f3s as apresenta\u00e7\u00f5es culturais, o prefeito Jefferson abriu oficialmente a programa\u00e7\u00e3o, tendo inclusive a presen\u00e7a do ex-prefeito Fernando Queiroz, da vice-prefeita, Lurdes Dantas, secret\u00e1rios, vereadores, t\u00e9cnicos da Emater e diretora do SEBRAE Cariri, Madalena Arruda.<\/p>\n<p>Em seguida, houve o desfile de crian\u00e7as, que vestidas de abelhinhas, deixaram os pais muito orgulhosos.<\/p>\n<p><img decoding=\"async\" class=\"wp-image-65548 size-full aligncenter lazyload\" data-src=\"http:\/\/www.caririemacao.com\/1\/wp-content\/uploads\/2018\/09\/Festival-do-Mel-2018-85.jpg\" alt=\"\" width=\"800\" height=\"533\" data-srcset=\"https:\/\/www.caririemacao.com\/1\/wp-content\/uploads\/2018\/09\/Festival-do-Mel-2018-85.jpg 800w, https:\/\/www.caririemacao.com\/1\/wp-content\/uploads\/2018\/09\/Festival-do-Mel-2018-85-300x200.jpg 300w, https:\/\/www.caririemacao.com\/1\/wp-content\/uploads\/2018\/09\/Festival-do-Mel-2018-85-768x512.jpg 768w\" data-sizes=\"(max-width: 800px) 100vw, 800px\" src=\"data:image\/svg+xml;base64,PHN2ZyB3aWR0aD0iMSIgaGVpZ2h0PSIxIiB4bWxucz0iaHR0cDovL3d3dy53My5vcmcvMjAwMC9zdmciPjwvc3ZnPg==\" style=\"--smush-placeholder-width: 800px; --smush-placeholder-aspect-ratio: 800\/533;\" \/><\/p>\n<p>E para encerrar a noite, houve o esperado e disputado concurso de beleza Garota do Mel 2018. Foram cinco lindas garotas que concorreram ao concurso.<\/p>\n<p>No final, o corpo de jurados escolheram como segunda colocada, a jovem Vit\u00f3ria Silva e em primeiro lugar, a linda Thamara Kimilly.<\/p>\n<p><img decoding=\"async\" class=\"wp-image-65546 size-full aligncenter lazyload\" data-src=\"http:\/\/www.caririemacao.com\/1\/wp-content\/uploads\/2018\/09\/Festival-do-Mel-2018-323.jpg\" alt=\"\" width=\"800\" height=\"533\" data-srcset=\"https:\/\/www.caririemacao.com\/1\/wp-content\/uploads\/2018\/09\/Festival-do-Mel-2018-323.jpg 800w, https:\/\/www.caririemacao.com\/1\/wp-content\/uploads\/2018\/09\/Festival-do-Mel-2018-323-300x200.jpg 300w, https:\/\/www.caririemacao.com\/1\/wp-content\/uploads\/2018\/09\/Festival-do-Mel-2018-323-768x512.jpg 768w\" data-sizes=\"(max-width: 800px) 100vw, 800px\" src=\"data:image\/svg+xml;base64,PHN2ZyB3aWR0aD0iMSIgaGVpZ2h0PSIxIiB4bWxucz0iaHR0cDovL3d3dy53My5vcmcvMjAwMC9zdmciPjwvc3ZnPg==\" style=\"--smush-placeholder-width: 800px; --smush-placeholder-aspect-ratio: 800\/533;\" \/><\/p>\n<p>Em entrevista ao Cariri em A\u00e7\u00e3o, o prefeito Jefferson Roberto, destacou a programa\u00e7\u00e3o t\u00e9cnica que acontece nestes pr\u00f3ximos dois dias, sexta e s\u00e1bado, e convidou a popula\u00e7\u00e3o para participar da programa\u00e7\u00e3o social que vai at\u00e9 o domingo, dia 23.<\/p>\n<p><img decoding=\"async\" class=\"wp-image-65547 size-full aligncenter lazyload\" data-src=\"http:\/\/www.caririemacao.com\/1\/wp-content\/uploads\/2018\/09\/Festival-do-Mel-2018-327.jpg\" alt=\"\" width=\"800\" height=\"533\" data-srcset=\"https:\/\/www.caririemacao.com\/1\/wp-content\/uploads\/2018\/09\/Festival-do-Mel-2018-327.jpg 800w, https:\/\/www.caririemacao.com\/1\/wp-content\/uploads\/2018\/09\/Festival-do-Mel-2018-327-300x200.jpg 300w, https:\/\/www.caririemacao.com\/1\/wp-content\/uploads\/2018\/09\/Festival-do-Mel-2018-327-768x512.jpg 768w\" data-sizes=\"(max-width: 800px) 100vw, 800px\" src=\"data:image\/svg+xml;base64,PHN2ZyB3aWR0aD0iMSIgaGVpZ2h0PSIxIiB4bWxucz0iaHR0cDovL3d3dy53My5vcmcvMjAwMC9zdmciPjwvc3ZnPg==\" style=\"--smush-placeholder-width: 800px; --smush-placeholder-aspect-ratio: 800\/533;\" \/><\/p>\n<p>Ele lembrou que nesta sexta-feira (21) haver\u00e3o shows de M\u00e1rcia Felipe e Luan Estilizado. No s\u00e1bado (22), cantam Devinho Novaes e Alcimar Monteiro. J\u00e1 no domingo, acontece a primeira edi\u00e7\u00e3o da Tardezinha do Mel.<\/p>\n<p>Vale destacar que o X Festival do Mel \u00e9 uma realiza\u00e7\u00e3o da Prefeitura de S\u00e3o Jos\u00e9 dos Cordeiros.<\/p>\n<h2><em>Veja fotos<\/em><\/h2>\n<h1 style=\"text-align: center;\"><a href=\"https:\/\/www.facebook.com\/pg\/CaririEmAcao\/photos\/?tab=album&amp;album_id=1366633616805991\">1\u00ba Mostra de Dan\u00e7a do Festival do Mel<\/a><\/h1>\n<h1 style=\"text-align: center;\"><a href=\"https:\/\/www.facebook.com\/pg\/CaririEmAcao\/photos\/?tab=album&amp;album_id=1366667266802626\">Concurso Garota do Mel -2018<\/a><\/h1>\n<p style=\"text-align: right;\"><em><strong>Reda\u00e7\u00e3o\u00a0<\/strong><\/em><\/p>\n","protected":false},"excerpt":{"rendered":"<p>A 10\u00aa edi\u00e7\u00e3o do Festival do Mel foi aberta oficialmente na noite desta quinta-feira, dia 20, pelo prefeito Jefferson Roberto. O evento se estende at\u00e9&hellip; <\/p>\n","protected":false},"author":1,"featured_media":65542,"comment_status":"closed","ping_status":"closed","sticky":false,"template":"","format":"standard","meta":{"sfsi_plus_gutenberg_text_before_share":"","sfsi_plus_gutenberg_show_text_before_share":"","sfsi_plus_gutenberg_icon_type":"","sfsi_plus_gutenberg_icon_alignemt":"","sfsi_plus_gutenburg_max_per_row":"","footnotes":""},"categories":[2],"tags":[],"class_list":["post-65541","post","type-post","status-publish","format-standard","has-post-thumbnail","hentry","category-geral"],"_links":{"self":[{"href":"https:\/\/www.caririemacao.com\/1\/wp-json\/wp\/v2\/posts\/65541","targetHints":{"allow":["GET"]}}],"collection":[{"href":"https:\/\/www.caririemacao.com\/1\/wp-json\/wp\/v2\/posts"}],"about":[{"href":"https:\/\/www.caririemacao.com\/1\/wp-json\/wp\/v2\/types\/post"}],"author":[{"embeddable":true,"href":"https:\/\/www.caririemacao.com\/1\/wp-json\/wp\/v2\/users\/1"}],"replies":[{"embeddable":true,"href":"https:\/\/www.caririemacao.com\/1\/wp-json\/wp\/v2\/comments?post=65541"}],"version-history":[{"count":3,"href":"https:\/\/www.caririemacao.com\/1\/wp-json\/wp\/v2\/posts\/65541\/revisions"}],"predecessor-version":[{"id":65575,"href":"https:\/\/www.caririemacao.com\/1\/wp-json\/wp\/v2\/posts\/65541\/revisions\/65575"}],"wp:featuredmedia":[{"embeddable":true,"href":"https:\/\/www.caririemacao.com\/1\/wp-json\/wp\/v2\/media\/65542"}],"wp:attachment":[{"href":"https:\/\/www.caririemacao.com\/1\/wp-json\/wp\/v2\/media?parent=65541"}],"wp:term":[{"taxonomy":"category","embeddable":true,"href":"https:\/\/www.caririemacao.com\/1\/wp-json\/wp\/v2\/categories?post=65541"},{"taxonomy":"post_tag","embeddable":true,"href":"https:\/\/www.caririemacao.com\/1\/wp-json\/wp\/v2\/tags?post=65541"}],"curies":[{"name":"wp","href":"https:\/\/api.w.org\/{rel}","templated":true}]}}