{"id":65551,"date":"2018-09-21T08:24:38","date_gmt":"2018-09-21T11:24:38","guid":{"rendered":"http:\/\/www.caririemacao.com\/1\/?p=65551"},"modified":"2018-09-21T08:24:38","modified_gmt":"2018-09-21T11:24:38","slug":"candidatos-ao-governo-do-estado-visitam-o-interior-e-participam-de-debate-nesta-sexta","status":"publish","type":"post","link":"https:\/\/www.caririemacao.com\/1\/2018\/09\/21\/candidatos-ao-governo-do-estado-visitam-o-interior-e-participam-de-debate-nesta-sexta\/","title":{"rendered":"Candidatos ao Governo do Estado visitam o interior e participam de debate nesta sexta"},"content":{"rendered":"<p>Os candidatos ao Governo do Estado cumprem mais um dia de agenda de campanha nesta sexta-feira (21).<\/p>\n<p><strong>Confira programa\u00e7\u00e3o:<\/strong><\/p>\n<p><strong>Jo\u00e3o Azev\u00eado (PSB)<\/strong><\/p>\n<p>Manh\u00e3 \u2013 9h30 \u2013 Participa de debate na FETAG<\/p>\n<p>10h30 \u2013 Caravana do Trabalho pelo Cariri paraibano<\/p>\n<p>\u2013 Largada da caravana em Boa Vista<\/p>\n<p>\u2013 Gurj\u00e3o<\/p>\n<p>\u2013 S\u00e3o Jo\u00e3o do Cariri<\/p>\n<p>\u2013 Serra Branca<\/p>\n<p>\u2013 S\u00e3o Jos\u00e9 dos Cordeiros<\/p>\n<p>\u2013 Sum\u00e9<\/p>\n<p>\u2013 Prata<\/p>\n<p>\u2013 Encerramento da Caravana com com\u00edcio em Monteiro<\/p>\n<p><strong>Jos\u00e9 Maranh\u00e3o (MDB)<\/strong><\/p>\n<p>Tarde \u2013 14h \u2013 Caravana do Z\u00e9<\/p>\n<p>\u2013 Juazeirinho<\/p>\n<p>\u2013 Soledade<\/p>\n<p>\u2013 S\u00e3o Vicente<\/p>\n<p>\u2013 Cubati<\/p>\n<p>\u2013 Pedra Lavada<\/p>\n<p>\u2013 Nova Palmeira<\/p>\n<p>Noite \u2013 20h \u2013 Com\u00edcio em Picu\u00ed<\/p>\n<p><strong>Luc\u00e9lio Cartaxo (PV)<\/strong><\/p>\n<p>Manh\u00e3 \u2013 8h \u2013 Reuni\u00e3o com equipe de campanha<\/p>\n<p>Tarde \u2013 13h \u2013 Entrevista R\u00e1dio Correio<\/p>\n<p>16h30 \u2013 Encontra popula\u00e7\u00e3o de Boa Ventura<\/p>\n<p>17h30 \u2013 Visita a cidade de Diamante<\/p>\n<p>Noite \u2013 19h30 \u2013 Em Ibiara, encontra popula\u00e7\u00e3o e lideran\u00e7as<\/p>\n<p>20h30 \u2013 Com\u00edcio em Concei\u00e7\u00e3o<\/p>\n<p><strong>Rama Dantas (PSTU)<\/strong><\/p>\n<p>Manh\u00e3 \u2013 8h30h \u2013 Debate na FETAG<\/p>\n<p>Tarde \u2013 14h \u2013 F\u00f3rum Paraibano de pessoas com defici\u00eancia<\/p>\n<p>15h \u2013 Reuni\u00e3o de coordena\u00e7\u00e3o de campanha na sede<\/p>\n<p><strong>T\u00e1rcio Teixeira (PSOL)<\/strong><\/p>\n<p>Manh\u00e3 \u2013 9h \u2013 Debate na FETAG<\/p>\n<p>Tarde \u2013\u00a013h50 \u2013 Entrevista no Correio Debate<\/p>\n<p>15h \u2013 Grava\u00e7\u00e3o para programa Frente a Frente \u2013 TV Arapuan<\/p>\n<p>17h \u2013 Assinar carta compromisso na ASDEF<\/p>\n<p>Noite \u2013 18h \u2013 Panfletagem na entrada do Liceu Paraibano<\/p>\n<p>Blog do Gordinho<\/p>\n<p>Cariri em A\u00e7\u00e3o<\/p>\n<p>Leia mais not\u00edcias em\u00a0<a href=\"http:\/\/www.caririemacao.com\/\">caririemacao.com<\/a>, siga nossa p\u00e1gina no\u00a0<a href=\"https:\/\/www.facebook.com\/CaririEmAcao\/?ref=aymt_homepage_panel\">Facebook<\/a>,\u00a0<a href=\"https:\/\/www.instagram.com\/cariri_em_acao\/?hl=pt-br\">Instagram<\/a>\u00a0e\u00a0<a href=\"https:\/\/www.youtube.com\/channel\/UCAptA0jQuYQy8vMhLt2m4qg\">Youtube<\/a>\u00a0e veja nossas mat\u00e9rias, v\u00eddeos e fotos. Voc\u00ea tamb\u00e9m pode enviar informa\u00e7\u00f5es \u00e0 Reda\u00e7\u00e3o do Portal Cariri em A\u00e7\u00e3o pelo WhatsApp (83) 9 9634.5791, (83) 9 9601-1162.<\/p>\n","protected":false},"excerpt":{"rendered":"<p>Os candidatos ao Governo do Estado cumprem mais um dia de agenda de campanha nesta sexta-feira (21). Confira programa\u00e7\u00e3o: Jo\u00e3o Azev\u00eado (PSB) Manh\u00e3 \u2013 9h30&hellip; <\/p>\n","protected":false},"author":1,"featured_media":64929,"comment_status":"closed","ping_status":"closed","sticky":false,"template":"","format":"standard","meta":{"sfsi_plus_gutenberg_text_before_share":"","sfsi_plus_gutenberg_show_text_before_share":"","sfsi_plus_gutenberg_icon_type":"","sfsi_plus_gutenberg_icon_alignemt":"","sfsi_plus_gutenburg_max_per_row":"","footnotes":""},"categories":[1],"tags":[],"class_list":["post-65551","post","type-post","status-publish","format-standard","has-post-thumbnail","hentry","category-o-site"],"_links":{"self":[{"href":"https:\/\/www.caririemacao.com\/1\/wp-json\/wp\/v2\/posts\/65551","targetHints":{"allow":["GET"]}}],"collection":[{"href":"https:\/\/www.caririemacao.com\/1\/wp-json\/wp\/v2\/posts"}],"about":[{"href":"https:\/\/www.caririemacao.com\/1\/wp-json\/wp\/v2\/types\/post"}],"author":[{"embeddable":true,"href":"https:\/\/www.caririemacao.com\/1\/wp-json\/wp\/v2\/users\/1"}],"replies":[{"embeddable":true,"href":"https:\/\/www.caririemacao.com\/1\/wp-json\/wp\/v2\/comments?post=65551"}],"version-history":[{"count":1,"href":"https:\/\/www.caririemacao.com\/1\/wp-json\/wp\/v2\/posts\/65551\/revisions"}],"predecessor-version":[{"id":65552,"href":"https:\/\/www.caririemacao.com\/1\/wp-json\/wp\/v2\/posts\/65551\/revisions\/65552"}],"wp:featuredmedia":[{"embeddable":true,"href":"https:\/\/www.caririemacao.com\/1\/wp-json\/wp\/v2\/media\/64929"}],"wp:attachment":[{"href":"https:\/\/www.caririemacao.com\/1\/wp-json\/wp\/v2\/media?parent=65551"}],"wp:term":[{"taxonomy":"category","embeddable":true,"href":"https:\/\/www.caririemacao.com\/1\/wp-json\/wp\/v2\/categories?post=65551"},{"taxonomy":"post_tag","embeddable":true,"href":"https:\/\/www.caririemacao.com\/1\/wp-json\/wp\/v2\/tags?post=65551"}],"curies":[{"name":"wp","href":"https:\/\/api.w.org\/{rel}","templated":true}]}}