{"id":65583,"date":"2018-09-22T06:49:27","date_gmt":"2018-09-22T09:49:27","guid":{"rendered":"http:\/\/www.caririemacao.com\/1\/?p=65583"},"modified":"2018-09-22T06:49:27","modified_gmt":"2018-09-22T09:49:27","slug":"monteiro-realiza-semana-nacional-de-transito-visando-conscientizacao-dos-motoristas","status":"publish","type":"post","link":"https:\/\/www.caririemacao.com\/1\/2018\/09\/22\/monteiro-realiza-semana-nacional-de-transito-visando-conscientizacao-dos-motoristas\/","title":{"rendered":"Monteiro realiza Semana Nacional de Tr\u00e2nsito visando conscientiza\u00e7\u00e3o dos motoristas"},"content":{"rendered":"<p><img fetchpriority=\"high\" decoding=\"async\" class=\"size-medium wp-image-22966 alignleft\" src=\"http:\/\/www.vitrinedocariri.com.br\/wp-content\/uploads\/2018\/09\/emana-nacional-de-tran-300x180.jpg\" alt=\"\" width=\"300\" height=\"180\" \/>Com o tema \u201cSeja voc\u00ea a mudan\u00e7a no tr\u00e2nsito\u201d a Prefeitura Municipal de Monteiro, atrav\u00e9s da Superintend\u00eancia de Transito \u2013 MONTRAN e Secretaria de Educa\u00e7\u00e3o, promoveu durante toda esta semana eventos, a exemplo de palestras e panfletagens sobre educa\u00e7\u00e3o no tr\u00e2nsito.<\/p>\n<p>A Semana Nacional de Tr\u00e2nsito teve in\u00edcio nesta \u00faltima segunda-feira, 17, com o intuito de educar e conscientizar a popula\u00e7\u00e3o da cidade sobre o comportamento adequado no tr\u00e2nsito informando aos motoristas as principais leis e infra\u00e7\u00f5es, bem como as penalidades previstas no c\u00f3digo.<\/p>\n<p>De forma bastante did\u00e1tica a MONTRAN promoveu palestras para os agentes de tr\u00e2nsito e educadores do munic\u00edpio ministrada pelo instrutor de tr\u00e2nsito Jos\u00e9 Carlos. Aconteceram ainda panfletagens no centro da cidade al\u00e9m de reuni\u00f5es com os alunos nas Escolas Estaduais e Municipais.<\/p>\n<p>A iniciativa da Prefeitura de Monteiro foi bem recebida pelos motoristas que receberam as informa\u00e7\u00f5es conforme conta o motociclista Paulo Silva. \u201c\u00c9 sempre bom receber informa\u00e7\u00f5es. Tem coisas que temos sempre que observar, como o capacete, onde estacionar e outros cuidados que devemos ter. Est\u00e3o todos de parab\u00e9ns viu\u201d.<\/p>\n<p>Para o Superintendente da Montran, Valdecy Silva, a campanha educativa incentiva a ado\u00e7\u00e3o de boas pr\u00e1ticas no tr\u00e2nsito, al\u00e9m de mostrar a responsabilidade de cada motorista. \u201cEstamos buscando a reflex\u00e3o de todos para que optem por um tr\u00e2nsito mais seguro. Sejam com nossas a\u00e7\u00f5es nas escolas ou nas ruas, queremos que as pessoas se tornem mais conscientes acerca do tr\u00e2nsito. Vamos sempre levando o recado de que se cada um fizer a sua parte, poderemos transitar com seguran\u00e7a e confian\u00e7a\u201d, declarou.<\/p>\n<p>Ascom\/Monteiro<\/p>\n<p>Cariri em A\u00e7\u00e3o<\/p>\n<p>Leia mais not\u00edcias em\u00a0<a href=\"http:\/\/www.caririemacao.com\/\">caririemacao.com<\/a>, siga nossa p\u00e1gina no\u00a0<a href=\"https:\/\/www.facebook.com\/CaririEmAcao\/?ref=aymt_homepage_panel\">Facebook<\/a>,\u00a0<a href=\"https:\/\/www.instagram.com\/cariri_em_acao\/?hl=pt-br\">Instagram<\/a>\u00a0e\u00a0<a href=\"https:\/\/www.youtube.com\/channel\/UCAptA0jQuYQy8vMhLt2m4qg\">Youtube<\/a>\u00a0e veja nossas mat\u00e9rias, v\u00eddeos e fotos. Voc\u00ea tamb\u00e9m pode enviar informa\u00e7\u00f5es \u00e0 Reda\u00e7\u00e3o do Portal Cariri em A\u00e7\u00e3o pelo WhatsApp (83) 9 9634.5791, (83) 9 9601-1162.<\/p>\n","protected":false},"excerpt":{"rendered":"<p>Com o tema \u201cSeja voc\u00ea a mudan\u00e7a no tr\u00e2nsito\u201d a Prefeitura Municipal de Monteiro, atrav\u00e9s da Superintend\u00eancia de Transito \u2013 MONTRAN e Secretaria de Educa\u00e7\u00e3o,&hellip; <\/p>\n","protected":false},"author":1,"featured_media":65584,"comment_status":"closed","ping_status":"closed","sticky":false,"template":"","format":"standard","meta":{"sfsi_plus_gutenberg_text_before_share":"","sfsi_plus_gutenberg_show_text_before_share":"","sfsi_plus_gutenberg_icon_type":"","sfsi_plus_gutenberg_icon_alignemt":"","sfsi_plus_gutenburg_max_per_row":"","footnotes":""},"categories":[6],"tags":[],"class_list":["post-65583","post","type-post","status-publish","format-standard","has-post-thumbnail","hentry","category-cidades"],"_links":{"self":[{"href":"https:\/\/www.caririemacao.com\/1\/wp-json\/wp\/v2\/posts\/65583","targetHints":{"allow":["GET"]}}],"collection":[{"href":"https:\/\/www.caririemacao.com\/1\/wp-json\/wp\/v2\/posts"}],"about":[{"href":"https:\/\/www.caririemacao.com\/1\/wp-json\/wp\/v2\/types\/post"}],"author":[{"embeddable":true,"href":"https:\/\/www.caririemacao.com\/1\/wp-json\/wp\/v2\/users\/1"}],"replies":[{"embeddable":true,"href":"https:\/\/www.caririemacao.com\/1\/wp-json\/wp\/v2\/comments?post=65583"}],"version-history":[{"count":1,"href":"https:\/\/www.caririemacao.com\/1\/wp-json\/wp\/v2\/posts\/65583\/revisions"}],"predecessor-version":[{"id":65585,"href":"https:\/\/www.caririemacao.com\/1\/wp-json\/wp\/v2\/posts\/65583\/revisions\/65585"}],"wp:featuredmedia":[{"embeddable":true,"href":"https:\/\/www.caririemacao.com\/1\/wp-json\/wp\/v2\/media\/65584"}],"wp:attachment":[{"href":"https:\/\/www.caririemacao.com\/1\/wp-json\/wp\/v2\/media?parent=65583"}],"wp:term":[{"taxonomy":"category","embeddable":true,"href":"https:\/\/www.caririemacao.com\/1\/wp-json\/wp\/v2\/categories?post=65583"},{"taxonomy":"post_tag","embeddable":true,"href":"https:\/\/www.caririemacao.com\/1\/wp-json\/wp\/v2\/tags?post=65583"}],"curies":[{"name":"wp","href":"https:\/\/api.w.org\/{rel}","templated":true}]}}