{"id":65586,"date":"2018-09-22T06:55:27","date_gmt":"2018-09-22T09:55:27","guid":{"rendered":"http:\/\/www.caririemacao.com\/1\/?p=65586"},"modified":"2018-09-22T06:55:27","modified_gmt":"2018-09-22T09:55:27","slug":"caps-ad-iii-de-monteiro-comemora-conquistas-e-vitorias-de-dois-anos-em-servico","status":"publish","type":"post","link":"https:\/\/www.caririemacao.com\/1\/2018\/09\/22\/caps-ad-iii-de-monteiro-comemora-conquistas-e-vitorias-de-dois-anos-em-servico\/","title":{"rendered":"CAPS AD III de Monteiro comemora conquistas e vit\u00f3rias de dois anos em servi\u00e7o"},"content":{"rendered":"<p>Os usu\u00e1rios e profissionais do Centro de Aten\u00e7\u00e3o Psicossocial \u00c1lcool e Drogas 24horas \u2013 CAPS AD III comemoraram, juntamente com a prefeita Anna Lorena, na noite desta quinta-feira, 20, o segundo ano de funcionamento do \u00f3rg\u00e3o.<\/p>\n<p>O CAPS AD III de Monteiro disp\u00f5e de equipe multiprofissional composta por m\u00e9dico psiquiatra, cl\u00ednico geral, psic\u00f3logos, dentre outros.\u00a0 Seu p\u00fablico espec\u00edfico s\u00e3o os adultos, mas tamb\u00e9m podem atender crian\u00e7as e adolescentes, desde que observadas \u00e0s orienta\u00e7\u00f5es do Estatuto da Crian\u00e7a e do Adolescente (ECA), e o trabalho vem sendo executado com maestria por todo os prestadores do servi\u00e7o no local incentivando e melhorando a qualidade de vida de usu\u00e1rios e familiares.<\/p>\n<p><img fetchpriority=\"high\" decoding=\"async\" class=\"size-medium wp-image-22971 alignleft\" src=\"http:\/\/www.vitrinedocariri.com.br\/wp-content\/uploads\/2018\/09\/Anivers%C3%A1rio-CAPS-AD-III3-300x199.jpeg\" alt=\"\" width=\"300\" height=\"199\" \/>\u201cOrganizamos esta festa para comemorar a vida, a sa\u00fade, a fam\u00edlia e as amizades. \u00c9 atrav\u00e9s do trabalho, aten\u00e7\u00e3o e carinho de todos n\u00f3s que compomos o quadro funcional do CAPS AD III que podemos oferecer novas oportunidades aos pacientes. Comemoramos dois anos de vit\u00f3rias atrav\u00e9s das conquistas di\u00e1rias que fazemos. Estamos muito felizes, aqui somos uma grande fam\u00edlia nesta casa que os acolhemos todos os dias\u201d, exulta a diretora Marileide Maracaj\u00e1.<\/p>\n<p>O Centro de Aten\u00e7\u00e3o Psicossocial \u00c1lcool e Drogas III \u00e9 um servi\u00e7o espec\u00edfico para o cuidado, aten\u00e7\u00e3o integral e continuada \u00e0s pessoas com necessidades em decorr\u00eancia do uso de \u00e1lcool, crack e outras drogas oferecendo atendimento realizando o\u00a0<img decoding=\"async\" class=\"size-medium wp-image-22972 alignleft lazyload\" data-src=\"http:\/\/www.vitrinedocariri.com.br\/wp-content\/uploads\/2018\/09\/Anivers%C3%A1rio-CAPS-AD-III6-300x199.jpeg\" alt=\"\" width=\"300\" height=\"199\" src=\"data:image\/svg+xml;base64,PHN2ZyB3aWR0aD0iMSIgaGVpZ2h0PSIxIiB4bWxucz0iaHR0cDovL3d3dy53My5vcmcvMjAwMC9zdmciPjwvc3ZnPg==\" style=\"--smush-placeholder-width: 300px; --smush-placeholder-aspect-ratio: 300\/199;\" \/>acompanhamento cl\u00ednico e a reinser\u00e7\u00e3o social dos usu\u00e1rios pelo acesso ao trabalho, lazer, exerc\u00edcio dos direitos civis e fortalecimento dos la\u00e7os familiares e comunit\u00e1rios. O CAPS tamb\u00e9m atende aos usu\u00e1rios em seus momentos de crise, podendo oferecer acolhimento noturno por um per\u00edodo curto de dias.<\/p>\n<p>\u201cComemorar aqui com todos \u00e9 uma vit\u00f3ria minha tamb\u00e9m porque vejo e me orgulho do apoio as fam\u00edlias e usu\u00e1rios que buscam tratamento. Os projetos desenvolvidos aqui muitas vezes ultrapassa a pr\u00f3pria estrutura\u00a0 com um imenso suporte que garante e mostra aqui para que todos possam ver o sucesso das suas a\u00e7\u00f5es. Parab\u00e9ns para todos\u201d, comemora a prefeita Anna Lorena.<\/p>\n<p>Ascom\/Monteiro<\/p>\n<p>Cariri em A\u00e7\u00e3o<\/p>\n<p>Leia mais not\u00edcias em\u00a0<a href=\"http:\/\/www.caririemacao.com\/\">caririemacao.com<\/a>, siga nossa p\u00e1gina no\u00a0<a href=\"https:\/\/www.facebook.com\/CaririEmAcao\/?ref=aymt_homepage_panel\">Facebook<\/a>,\u00a0<a href=\"https:\/\/www.instagram.com\/cariri_em_acao\/?hl=pt-br\">Instagram<\/a>\u00a0e\u00a0<a href=\"https:\/\/www.youtube.com\/channel\/UCAptA0jQuYQy8vMhLt2m4qg\">Youtube<\/a>\u00a0e veja nossas mat\u00e9rias, v\u00eddeos e fotos. Voc\u00ea tamb\u00e9m pode enviar informa\u00e7\u00f5es \u00e0 Reda\u00e7\u00e3o do Portal Cariri em A\u00e7\u00e3o pelo WhatsApp (83) 9 9634.5791, (83) 9 9601-1162.<\/p>\n","protected":false},"excerpt":{"rendered":"<p>Os usu\u00e1rios e profissionais do Centro de Aten\u00e7\u00e3o Psicossocial \u00c1lcool e Drogas 24horas \u2013 CAPS AD III comemoraram, juntamente com a prefeita Anna Lorena, na&hellip; <\/p>\n","protected":false},"author":1,"featured_media":65587,"comment_status":"closed","ping_status":"closed","sticky":false,"template":"","format":"standard","meta":{"sfsi_plus_gutenberg_text_before_share":"","sfsi_plus_gutenberg_show_text_before_share":"","sfsi_plus_gutenberg_icon_type":"","sfsi_plus_gutenberg_icon_alignemt":"","sfsi_plus_gutenburg_max_per_row":"","footnotes":""},"categories":[2],"tags":[],"class_list":["post-65586","post","type-post","status-publish","format-standard","has-post-thumbnail","hentry","category-geral"],"_links":{"self":[{"href":"https:\/\/www.caririemacao.com\/1\/wp-json\/wp\/v2\/posts\/65586","targetHints":{"allow":["GET"]}}],"collection":[{"href":"https:\/\/www.caririemacao.com\/1\/wp-json\/wp\/v2\/posts"}],"about":[{"href":"https:\/\/www.caririemacao.com\/1\/wp-json\/wp\/v2\/types\/post"}],"author":[{"embeddable":true,"href":"https:\/\/www.caririemacao.com\/1\/wp-json\/wp\/v2\/users\/1"}],"replies":[{"embeddable":true,"href":"https:\/\/www.caririemacao.com\/1\/wp-json\/wp\/v2\/comments?post=65586"}],"version-history":[{"count":1,"href":"https:\/\/www.caririemacao.com\/1\/wp-json\/wp\/v2\/posts\/65586\/revisions"}],"predecessor-version":[{"id":65588,"href":"https:\/\/www.caririemacao.com\/1\/wp-json\/wp\/v2\/posts\/65586\/revisions\/65588"}],"wp:featuredmedia":[{"embeddable":true,"href":"https:\/\/www.caririemacao.com\/1\/wp-json\/wp\/v2\/media\/65587"}],"wp:attachment":[{"href":"https:\/\/www.caririemacao.com\/1\/wp-json\/wp\/v2\/media?parent=65586"}],"wp:term":[{"taxonomy":"category","embeddable":true,"href":"https:\/\/www.caririemacao.com\/1\/wp-json\/wp\/v2\/categories?post=65586"},{"taxonomy":"post_tag","embeddable":true,"href":"https:\/\/www.caririemacao.com\/1\/wp-json\/wp\/v2\/tags?post=65586"}],"curies":[{"name":"wp","href":"https:\/\/api.w.org\/{rel}","templated":true}]}}