{"id":65592,"date":"2018-09-22T07:05:11","date_gmt":"2018-09-22T10:05:11","guid":{"rendered":"http:\/\/www.caririemacao.com\/1\/?p=65592"},"modified":"2018-09-22T07:05:11","modified_gmt":"2018-09-22T10:05:11","slug":"em-carta-aos-eleitores-fhc-pede-serenidade-e-uniao-entre-partidos","status":"publish","type":"post","link":"https:\/\/www.caririemacao.com\/1\/2018\/09\/22\/em-carta-aos-eleitores-fhc-pede-serenidade-e-uniao-entre-partidos\/","title":{"rendered":"Em carta aos eleitores, FHC pede serenidade e uni\u00e3o entre partidos"},"content":{"rendered":"<div class=\"content__signa-share\">\n<div class=\"content__signature mc-column\">\n<div class=\"content-publication-data\">\n<p class=\"content-publication-data__updated\">O ex-presidente\u00a0Fernando Henrique Cardoso\u00a0(PSDB) divulgou uma carta na noite desta quinta-feira (20) direcionada aos eleitores, na qual pede serenidade e prega uni\u00e3o entre partidos para que o futuro presidente promova os ajustes necess\u00e1rios para evitar uma \u201ccrise econ\u00f4mica ainda mais profunda\u201d.<\/p>\n<\/div>\n<\/div>\n<\/div>\n<div class=\"mc-article-body\">\n<article>\n<div class=\"wall\">\n<div class=\"row medium-uncollapsed content-media content-photo\" data-block-type=\"backstage-photo\" data-block-id=\"2\">\n<div class=\"mc-column content-media__container\">\n<div class=\"progressive-img can-open-lightbox\" data-min-size=\"1008x715\" data-min-size-url=\"https:\/\/s2.glbimg.com\/MspjgEJoV9-N_zDAd8BDF5GkPaQ=\/0x0:527x374\/1008x0\/smart\/filters:strip_icc()\/i.s3.glbimg.com\/v1\/AUTH_59edd422c0c84a879bd37670ae4f538a\/internal_photos\/bs\/2018\/r\/c\/KJqlI8R3WPlQKGbzx5PQ\/carta-fhc.jpg\" data-max-size=\"1600x1135\" data-max-size-url=\"https:\/\/s2.glbimg.com\/yHWZamNHAnta463unUWxQc6Wup4=\/0x0:527x374\/1600x0\/smart\/filters:strip_icc()\/i.s3.glbimg.com\/v1\/AUTH_59edd422c0c84a879bd37670ae4f538a\/internal_photos\/bs\/2018\/r\/c\/KJqlI8R3WPlQKGbzx5PQ\/carta-fhc.jpg\" data-media-index=\"0\">\n<div class=\"placeholder-container\"><\/div>\n<p><img decoding=\"async\" class=\"progressive-draft\" title=\"Carta do ex-presidente Fernando Henrique Cardoso, divulgada nesta quinta-feira (20) \u2014 Foto: Reprodu\u00e7\u00e3o\" src=\"data:image\/jpeg;base64,\/9j\/4AAQSkZJRgABAQAAAQABAAD\/2wBDAAMCAgMCAgMDAwMEAwMEBQgFBQQEBQoHBwYIDAoMDAsKCwsNDhIQDQ4RDgsLEBYQERMUFRUVDA8XGBYUGBIUFRT\/2wBDAQMEBAUEBQkFBQkUDQsNFBQUFBQUFBQUFBQUFBQUFBQUFBQUFBQUFBQUFBQUFBQUFBQUFBQUFBQUFBQUFBQUFBT\/wgARCAASABkDASIAAhEBAxEB\/8QAGQAAAgMBAAAAAAAAAAAAAAAAAAQCAwUI\/8QAFQEBAQAAAAAAAAAAAAAAAAAAAAH\/2gAMAwEAAhADEAAAAeg9CNpa0m8LxBKtAD\/\/xAAbEAACAgMBAAAAAAAAAAAAAAABAgAEAxEzE\/\/aAAgBAQABBQLAgrRLCrBaUnQiYPQmoBEwqk3D2bq3Wf\/EABQRAQAAAAAAAAAAAAAAAAAAACD\/2gAIAQMBAT8BH\/\/EABQRAQAAAAAAAAAAAAAAAAAAACD\/2gAIAQIBAT8BH\/\/EAB8QAAAFBQEBAAAAAAAAAAAAAAABAhExAxAScZEjMv\/aAAgBAQAGPwJSc6lR1qV6LeQ+JvsQ27HPB9HwSfLECv8A\/8QAIRAAAgECBgMAAAAAAAAAAAAAAREAMWEQIUGBofBRcZH\/2gAIAQEAAT8hFCaAkIM0LDSCW3BcmKRT5IYIyWOZdA5gOkLNDLf3aLf5OjeCKesEJ7w\/\/9oADAMBAAIAAwAAABCRSOH\/xAAUEQEAAAAAAAAAAAAAAAAAAAAg\/9oACAEDAQE\/EB\/\/xAAWEQADAAAAAAAAAAAAAAAAAAAgITH\/2gAIAQIBAT8QiD\/\/xAAdEAEBAAICAwEAAAAAAAAAAAABEQAhQVExcfBh\/9oACAEBAAE\/EBcKJ8qaktBwd+cRpklERekwW5NJQZ81yEIkmTfGi5RVCT2uPGJTUEByG97Z8FhFHaBHrWHJFnc9Y50F5p+mXP\/Z\" alt=\"Carta do ex-presidente Fernando Henrique Cardoso, divulgada nesta quinta-feira (20) \u2014 Foto: Reprodu\u00e7\u00e3o\" \/><picture><source srcset=\"https:\/\/s2.glbimg.com\/syqqxtYzZm52B3YxOTq30ZiCbTM=\/0x0:527x374\/600x0\/smart\/filters:strip_icc()\/i.s3.glbimg.com\/v1\/AUTH_59edd422c0c84a879bd37670ae4f538a\/internal_photos\/bs\/2018\/r\/c\/KJqlI8R3WPlQKGbzx5PQ\/carta-fhc.jpg 1x, https:\/\/s2.glbimg.com\/nKsz3NbqoadR_gVSb0hsmiak8l4=\/0x0:527x374\/1200x0\/smart\/filters:strip_icc()\/i.s3.glbimg.com\/v1\/AUTH_59edd422c0c84a879bd37670ae4f538a\/internal_photos\/bs\/2018\/r\/c\/KJqlI8R3WPlQKGbzx5PQ\/carta-fhc.jpg 2x\" media=\"(max-width: 1024px)\" data-src=\"https:\/\/s2.glbimg.com\/syqqxtYzZm52B3YxOTq30ZiCbTM=\/0x0:527x374\/600x0\/smart\/filters:strip_icc()\/i.s3.glbimg.com\/v1\/AUTH_59edd422c0c84a879bd37670ae4f538a\/internal_photos\/bs\/2018\/r\/c\/KJqlI8R3WPlQKGbzx5PQ\/carta-fhc.jpg 1x, https:\/\/s2.glbimg.com\/nKsz3NbqoadR_gVSb0hsmiak8l4=\/0x0:527x374\/1200x0\/smart\/filters:strip_icc()\/i.s3.glbimg.com\/v1\/AUTH_59edd422c0c84a879bd37670ae4f538a\/internal_photos\/bs\/2018\/r\/c\/KJqlI8R3WPlQKGbzx5PQ\/carta-fhc.jpg 2x\" \/><source srcset=\"https:\/\/s2.glbimg.com\/-qOdCZjS8blypXlvuXrcF7aya-I=\/0x0:527x374\/640x0\/smart\/filters:strip_icc()\/i.s3.glbimg.com\/v1\/AUTH_59edd422c0c84a879bd37670ae4f538a\/internal_photos\/bs\/2018\/r\/c\/KJqlI8R3WPlQKGbzx5PQ\/carta-fhc.jpg 1x, https:\/\/s2.glbimg.com\/snCs-3G7fi8GgznS4cSf52antuw=\/0x0:527x374\/1280x0\/smart\/filters:strip_icc()\/i.s3.glbimg.com\/v1\/AUTH_59edd422c0c84a879bd37670ae4f538a\/internal_photos\/bs\/2018\/r\/c\/KJqlI8R3WPlQKGbzx5PQ\/carta-fhc.jpg 2x\" media=\"(max-width: 1280px)\" data-src=\"https:\/\/s2.glbimg.com\/-qOdCZjS8blypXlvuXrcF7aya-I=\/0x0:527x374\/640x0\/smart\/filters:strip_icc()\/i.s3.glbimg.com\/v1\/AUTH_59edd422c0c84a879bd37670ae4f538a\/internal_photos\/bs\/2018\/r\/c\/KJqlI8R3WPlQKGbzx5PQ\/carta-fhc.jpg 1x, https:\/\/s2.glbimg.com\/snCs-3G7fi8GgznS4cSf52antuw=\/0x0:527x374\/1280x0\/smart\/filters:strip_icc()\/i.s3.glbimg.com\/v1\/AUTH_59edd422c0c84a879bd37670ae4f538a\/internal_photos\/bs\/2018\/r\/c\/KJqlI8R3WPlQKGbzx5PQ\/carta-fhc.jpg 2x\" \/><source srcset=\"https:\/\/s2.glbimg.com\/_F7GvMFshiM79ApSfCp3MZ5vvXg=\/0x0:527x374\/984x0\/smart\/filters:strip_icc()\/i.s3.glbimg.com\/v1\/AUTH_59edd422c0c84a879bd37670ae4f538a\/internal_photos\/bs\/2018\/r\/c\/KJqlI8R3WPlQKGbzx5PQ\/carta-fhc.jpg 1x, https:\/\/s2.glbimg.com\/JKxinA5LcxzWx6SVSu_lxqw9EGk=\/0x0:527x374\/1968x0\/smart\/filters:strip_icc()\/i.s3.glbimg.com\/v1\/AUTH_59edd422c0c84a879bd37670ae4f538a\/internal_photos\/bs\/2018\/r\/c\/KJqlI8R3WPlQKGbzx5PQ\/carta-fhc.jpg 2x\" media=\"(max-width: 1360px)\" data-src=\"https:\/\/s2.glbimg.com\/_F7GvMFshiM79ApSfCp3MZ5vvXg=\/0x0:527x374\/984x0\/smart\/filters:strip_icc()\/i.s3.glbimg.com\/v1\/AUTH_59edd422c0c84a879bd37670ae4f538a\/internal_photos\/bs\/2018\/r\/c\/KJqlI8R3WPlQKGbzx5PQ\/carta-fhc.jpg 1x, https:\/\/s2.glbimg.com\/JKxinA5LcxzWx6SVSu_lxqw9EGk=\/0x0:527x374\/1968x0\/smart\/filters:strip_icc()\/i.s3.glbimg.com\/v1\/AUTH_59edd422c0c84a879bd37670ae4f538a\/internal_photos\/bs\/2018\/r\/c\/KJqlI8R3WPlQKGbzx5PQ\/carta-fhc.jpg 2x\" \/><source srcset=\"https:\/\/s2.glbimg.com\/5xQvxy7ao8fHtJZ6rCMuGbI949M=\/0x0:527x374\/1000x0\/smart\/filters:strip_icc()\/i.s3.glbimg.com\/v1\/AUTH_59edd422c0c84a879bd37670ae4f538a\/internal_photos\/bs\/2018\/r\/c\/KJqlI8R3WPlQKGbzx5PQ\/carta-fhc.jpg 1x, https:\/\/s2.glbimg.com\/cKbkiURxd6SylOvwfoR8T31147w=\/0x0:527x374\/2000x0\/smart\/filters:strip_icc()\/i.s3.glbimg.com\/v1\/AUTH_59edd422c0c84a879bd37670ae4f538a\/internal_photos\/bs\/2018\/r\/c\/KJqlI8R3WPlQKGbzx5PQ\/carta-fhc.jpg 2x\" media=\"(min-width: 1361px)\" data-src=\"https:\/\/s2.glbimg.com\/5xQvxy7ao8fHtJZ6rCMuGbI949M=\/0x0:527x374\/1000x0\/smart\/filters:strip_icc()\/i.s3.glbimg.com\/v1\/AUTH_59edd422c0c84a879bd37670ae4f538a\/internal_photos\/bs\/2018\/r\/c\/KJqlI8R3WPlQKGbzx5PQ\/carta-fhc.jpg 1x, https:\/\/s2.glbimg.com\/cKbkiURxd6SylOvwfoR8T31147w=\/0x0:527x374\/2000x0\/smart\/filters:strip_icc()\/i.s3.glbimg.com\/v1\/AUTH_59edd422c0c84a879bd37670ae4f538a\/internal_photos\/bs\/2018\/r\/c\/KJqlI8R3WPlQKGbzx5PQ\/carta-fhc.jpg 2x\" \/><source srcset=\"https:\/\/s2.glbimg.com\/_F7GvMFshiM79ApSfCp3MZ5vvXg=\/0x0:527x374\/984x0\/smart\/filters:strip_icc()\/i.s3.glbimg.com\/v1\/AUTH_59edd422c0c84a879bd37670ae4f538a\/internal_photos\/bs\/2018\/r\/c\/KJqlI8R3WPlQKGbzx5PQ\/carta-fhc.jpg\" data-src=\"https:\/\/s2.glbimg.com\/_F7GvMFshiM79ApSfCp3MZ5vvXg=\/0x0:527x374\/984x0\/smart\/filters:strip_icc()\/i.s3.glbimg.com\/v1\/AUTH_59edd422c0c84a879bd37670ae4f538a\/internal_photos\/bs\/2018\/r\/c\/KJqlI8R3WPlQKGbzx5PQ\/carta-fhc.jpg\" \/><img decoding=\"async\" class=\"image content-media__image progressive-loaded\" title=\"Carta do ex-presidente Fernando Henrique Cardoso, divulgada nesta quinta-feira (20) \u2014 Foto: Reprodu\u00e7\u00e3o\" src=\"https:\/\/s2.glbimg.com\/_F7GvMFshiM79ApSfCp3MZ5vvXg=\/0x0:527x374\/984x0\/smart\/filters:strip_icc()\/i.s3.glbimg.com\/v1\/AUTH_59edd422c0c84a879bd37670ae4f538a\/internal_photos\/bs\/2018\/r\/c\/KJqlI8R3WPlQKGbzx5PQ\/carta-fhc.jpg\" alt=\"Carta do ex-presidente Fernando Henrique Cardoso, divulgada nesta quinta-feira (20) \u2014 Foto: Reprodu\u00e7\u00e3o\" data-src=\"https:\/\/s2.glbimg.com\/_F7GvMFshiM79ApSfCp3MZ5vvXg=\/0x0:527x374\/984x0\/smart\/filters:strip_icc()\/i.s3.glbimg.com\/v1\/AUTH_59edd422c0c84a879bd37670ae4f538a\/internal_photos\/bs\/2018\/r\/c\/KJqlI8R3WPlQKGbzx5PQ\/carta-fhc.jpg\" \/><\/picture>\n<\/div>\n<p class=\"content-media__description \">Carta do ex-presidente Fernando Henrique Cardoso, divulgada nesta quinta-feira (20) \u2014 Foto: Reprodu\u00e7\u00e3o<\/p>\n<\/div>\n<\/div>\n<div class=\"mc-column content-text active-extra-styles \" data-block-type=\"unstyled\" data-block-weight=\"40\" data-block-id=\"3\">\n<p class=\"content-text__container \" data-track-category=\"Link no Texto\" data-track-links=\"\">\u201cEm minha j\u00e1 longa vida recordo-me de poucos momentos t\u00e3o decisivos para o futuro do Brasil em que as solu\u00e7\u00f5es dos grandes desafios dependeram do povo\u201d, diz o ex-presidente na abertura da carta, referindo-se \u00e0s elei\u00e7\u00f5es que ocorrem em outubro.<\/p>\n<\/div>\n<div class=\"mc-column content-text active-extra-styles \" data-block-type=\"unstyled\" data-block-weight=\"10\" data-block-id=\"4\">\n<p class=\"content-text__container \" data-track-category=\"Link no Texto\" data-track-links=\"\"><strong>Veja abaixo a \u00edntegra da carta de Fernando Henrique Cardoso:<\/strong><\/p>\n<\/div>\n<div class=\"mc-column content-text active-extra-styles \" data-block-type=\"unstyled\" data-block-weight=\"5\" data-block-id=\"5\">\n<p class=\"content-text__container \" data-track-category=\"Link no Texto\" data-track-links=\"\"><em>Carta aos eleitores e eleitoras<\/em><\/p>\n<\/div>\n<div class=\"mc-column content-text active-extra-styles \" data-block-type=\"unstyled\" data-block-weight=\"74\" data-block-id=\"6\">\n<p class=\"content-text__container \" data-track-category=\"Link no Texto\" data-track-links=\"\"><em>Em poucas semanas escolheremos os candidatos que passar\u00e3o ao segundo turno. Em minha j\u00e1 longa vida recordo-me de poucos momentos t\u00e3o decisivos para o futuro do Brasil em que as solu\u00e7\u00f5es dos grandes desafios dependeram do povo. Que hoje dependam, \u00e9 m\u00e9rito do pr\u00f3prio povo e de dirigentes pol\u00edticos que lutaram contra o autoritarismo nas ruas e no Congresso e criaram as condi\u00e7\u00f5es para a promulga\u00e7\u00e3o, h\u00e1 trinta anos, da Constitui\u00e7\u00e3o que nos rege.<\/em><\/p>\n<\/div>\n<div class=\"mc-column content-text active-extra-styles \" data-block-type=\"unstyled\" data-block-weight=\"31\" data-block-id=\"7\">\n<p class=\"content-text__container \" data-track-category=\"Link no Texto\" data-track-links=\"\"><em>Em plena vig\u00eancia do estado de direito nosso primeiro compromisso h\u00e1 de ser com a continuidade da democracia. Ganhe quem ganhar, o povo ter\u00e1 decidido soberanamente o vencedor e ponto final.<\/em><\/p>\n<\/div>\n<div class=\"mc-column content-text active-extra-styles \" data-block-type=\"unstyled\" data-block-weight=\"107\" data-block-id=\"8\">\n<p class=\"content-text__container \" data-track-category=\"Link no Texto\" data-track-links=\"\"><em>A democracia para mim \u00e9 um valor p\u00e9treo. Mas ela n\u00e3o opera no vazio. Em poucas ocasi\u00f5es vi condi\u00e7\u00f5es pol\u00edticas e sociais t\u00e3o desafiadoras quanto as atuais. Fui ministro de um governo fruto de outro impeachment, processo sempre traum\u00e1tico. Na \u00e9poca, a infla\u00e7\u00e3o beirava 1000 por cento ao ano. O presidente Itamar Franco percebeu que a coes\u00e3o pol\u00edtica era essencial para enfrentar os problemas. Formou um minist\u00e9rio com pol\u00edticos de v\u00e1rios partidos, inclu\u00edda a oposi\u00e7\u00e3o ao seu governo, tal era sua ang\u00fastia com o poss\u00edvel despeda\u00e7amento do pa\u00eds. Com meu apoio e de muitas outras pessoas, lan\u00e7ou-se a estabilizar a economia. Criara as bases pol\u00edticas para tanto.<\/em><\/p>\n<\/div>\n<div class=\"content-ads content-ads--reveal\" data-block-type=\"ads\" data-block-id=\"9\"><em>Agora, a fragmenta\u00e7\u00e3o social e pol\u00edtica \u00e9 maior ainda. Tanto porque as economias contempor\u00e2neas criam novas ocupa\u00e7\u00f5es, mas destroem muitas outras, gerando ang\u00fastia e medo do futuro, como porque as conex\u00f5es entre as pessoas se multiplicaram. Ao lado das m\u00eddias tradicionais, as \u201cm\u00eddias sociais\u201d permitem a cada pessoa participar diretamente da rede de informa\u00e7\u00f5es (verdadeiras e falsas) que formam a opini\u00e3o p\u00fablica. Sem m\u00eddia livre n\u00e3o h\u00e1 democracia.<\/em><\/div>\n<div class=\"mc-column content-text active-extra-styles \" data-block-type=\"unstyled\" data-block-weight=\"23\" data-block-id=\"11\">\n<p class=\"content-text__container \" data-track-category=\"Link no Texto\" data-track-links=\"\"><em>Mudan\u00e7as bruscas de escolhas eleitorais s\u00e3o poss\u00edveis, para o bem ou para o mal, a depender da a\u00e7\u00e3o de cada um de n\u00f3s.<\/em><\/p>\n<\/div>\n<div class=\"mc-column content-text active-extra-styles \" data-block-type=\"unstyled\" data-block-weight=\"122\" data-block-id=\"12\">\n<p class=\"content-text__container \" data-track-category=\"Link no Texto\" data-track-links=\"\"><em>Nas escolhas que faremos o pano de fundo \u00e9 sombrio. Desatinos de pol\u00edtica econ\u00f4mica, herdados pelo atual governo, levaram a uma situa\u00e7\u00e3o na qual h\u00e1 cerca de treze milh\u00f5es de desempregados e um d\u00e9ficit p\u00fablico acumulado, sem contar os juros, de quase R$ 400 bilh\u00f5es s\u00f3 nos \u00faltimos quatro anos, aos quais se somar\u00e3o mais de R$ 100 bilh\u00f5es em 2018. Essa sequ\u00eancia de d\u00e9ficits prim\u00e1rios levou a d\u00edvida p\u00fablica do governo federal a quase R$ 4 trilh\u00f5es e a d\u00edvida p\u00fablica total a mais de R$ 5 trilh\u00f5es, cerca de 80% do PIB este ano, a despeito da redu\u00e7\u00e3o da taxa de juros b\u00e1sica nos \u00faltimos dois anos. A situa\u00e7\u00e3o fiscal da Uni\u00e3o \u00e9 prec\u00e1ria e a de v\u00e1rios Estados, dram\u00e1tica.<\/em><\/p>\n<\/div>\n<div class=\"mc-column content-text active-extra-styles \" data-block-type=\"unstyled\" data-block-weight=\"84\" data-block-id=\"13\">\n<p class=\"content-text__container \" data-track-category=\"Link no Texto\" data-track-links=\"\"><em>Como o novo governo ter\u00e1 gastos obrigat\u00f3rios (principalmente sal\u00e1rios do funcionalismo e benef\u00edcios da previd\u00eancia) que j\u00e1 consomem cerca de 80% das receitas da Uni\u00e3o, al\u00e9m de uma conta de juros estimada em R$ 380 bilh\u00f5es em 2019, o quadro fiscal da Uni\u00e3o tende a se agravar. O agravamento colocar\u00e1 em perigo o controle da infla\u00e7\u00e3o e for\u00e7ar\u00e1 a eleva\u00e7\u00e3o da taxa de juros. Sem a revers\u00e3o desse c\u00edrculo vicioso o pa\u00eds, mais cedo que tarde, mergulhar\u00e1 em uma crise econ\u00f4mica ainda mais profunda.<\/em><\/p>\n<\/div>\n<div class=\"mc-column content-text active-extra-styles \" data-block-type=\"unstyled\" data-block-weight=\"158\" data-block-id=\"14\">\n<p class=\"content-text__container \" data-track-category=\"Link no Texto\" data-track-links=\"\"><em>Diante de t\u00e3o dram\u00e1tica situa\u00e7\u00e3o, os candidatos \u00e0 Presid\u00eancia deveriam se recordar do que prometeu Churchill aos ingleses na guerra: sangue, suor e l\u00e1grimas. Poucos t\u00eam coragem e condi\u00e7\u00e3o pol\u00edtica para isso. No geral, acenam com promessas que n\u00e3o se realizar\u00e3o com solu\u00e7\u00f5es simplistas, que n\u00e3o resolvem as quest\u00f5es desafiadoras. \u00c9 necess\u00e1ria uma clara defini\u00e7\u00e3o de rumo, a come\u00e7ar pelo compromisso com o ajuste inadi\u00e1vel das contas p\u00fablicas. S\u00e3o medidas que exigem explica\u00e7\u00e3o ao povo e tempo para que seus benef\u00edcios sejam sentidos. A primeira dessas medidas \u00e9 uma lei da Previd\u00eancia que elimine privil\u00e9gios e assegure o equil\u00edbrio do sistema em face do envelhecimento da popula\u00e7\u00e3o brasileira. A fixa\u00e7\u00e3o de idades m\u00ednimas para a aposentadoria \u00e9 inadi\u00e1vel. Ou os homens p\u00fablicos em geral e os candidatos em particular dizem a verdade e mostram a insensatez das promessas enganadoras ou, ganhe quem ganhar, o pi\u00e3o continuar\u00e1 a girar sem sair do lugar, sobre um terreno que est\u00e1 afundando.<\/em><\/p>\n<\/div>\n<div class=\"content-ads content-ads--reveal\" data-block-type=\"ads\" data-block-id=\"15\"><em>Ante a dramaticidade do quadro atual, ou se busca a coes\u00e3o pol\u00edtica, com coragem para falar o que j\u00e1 se sabe e a sensatez para juntar os mais capazes para evitar que o barco naufrague, ou o remendo eleitoral da escolha de um salvador da P\u00e1tria ou de um demagogo, mesmo que bem intencionado, nos levar\u00e1 ao aprofundamento da crise econ\u00f4mica, social e pol\u00edtica.<\/em><\/div>\n<div class=\"mc-column content-text active-extra-styles \" data-block-type=\"unstyled\" data-block-weight=\"119\" data-block-id=\"17\">\n<p class=\"content-text__container \" data-track-category=\"Link no Texto\" data-track-links=\"\"><em>Os partidos t\u00eam responsabilidade nessa crise. Nos \u00faltimos anos, lan\u00e7aram-se com voracidade crescente ao butim do Estado, enredando-se na corrup\u00e7\u00e3o, n\u00e3o apenas individual, mas institucional: nomeando agentes pol\u00edticos para, em coniv\u00eancia com chefes de empresas, privadas e p\u00fablicas, desviarem recursos para os cofres partid\u00e1rios e suas campanhas. \u00c9 um fato a desmoraliza\u00e7\u00e3o do sistema pol\u00edtico inteiro, mesmo que nem todos hajam participado da sanha devastadora de recursos p\u00fablicos. A prolifera\u00e7\u00e3o dos partidos (mais de 20 na C\u00e2mara Federal e muitos outros na fila para serem registrados) acelerou o \u201cd\u00e1-c\u00e1, toma-l\u00e1\u201d e levou de rold\u00e3o o sistema eleitoral-partid\u00e1rio que montamos na Constitui\u00e7\u00e3o de 1988. Ou se restabelece a confian\u00e7a nos partidos e na pol\u00edtica ou nada de duradouro ser\u00e1 feito.<\/em><\/p>\n<\/div>\n<div class=\"mc-column content-text active-extra-styles \" data-block-type=\"unstyled\" data-block-weight=\"83\" data-block-id=\"18\">\n<p class=\"content-text__container \" data-track-category=\"Link no Texto\" data-track-links=\"\"><em>\u00c9 neste quadro preocupante que se v\u00ea a radicaliza\u00e7\u00e3o dos sentimentos pol\u00edticos. A gravidade de uma facada com inten\u00e7\u00f5es assassinas haver ferido o candidato que est\u00e1 \u00e0 frente nas pesquisas eleitorais deveria servir como um grito de alerta: basta de pregar o \u00f3dio, tantas vezes estimulado pela pr\u00f3pria v\u00edtima do atentado. O fato de ser este o candidato \u00e0 frente das pesquisas e ter ele como principal opositor quem representa um l\u00edder preso por acusa\u00e7\u00f5es de corrup\u00e7\u00e3o mostra o ponto a que chegamos.<\/em><\/p>\n<\/div>\n<div class=\"mc-column content-text active-extra-styles \" data-block-type=\"unstyled\" data-block-weight=\"102\" data-block-id=\"19\">\n<p class=\"content-text__container \" data-track-category=\"Link no Texto\" data-track-links=\"\"><em>Ainda h\u00e1 tempo para deter a marcha da insensatez. Como nas Diretas-j\u00e1, n\u00e3o \u00e9 o partidarismo, nem muito menos o personalismo, que devolver\u00e1 rumo ao desenvolvimento social e econ\u00f4mico. \u00c9 preciso revalorizar a virtude da toler\u00e2ncia \u00e0 pol\u00edtica, requisito para que a democracia funcione. Qualquer dos polos da radicaliza\u00e7\u00e3o atual que seja vencedor ter\u00e1 enormes dificuldades para obter a coes\u00e3o nacional suficiente e necess\u00e1ria para ado\u00e7\u00e3o das medidas que levem \u00e0 supera\u00e7\u00e3o da crise. As promessas que t\u00eam sido feitas s\u00e3o irrealiz\u00e1veis. As demandas do povo se transformar\u00e3o em insatisfa\u00e7\u00e3o ainda maior, num quadro de viol\u00eancia crescente e expans\u00e3o do crime organizado.<\/em><\/p>\n<\/div>\n<div class=\"content-ads content-ads--reveal\" data-block-type=\"ads\" data-block-id=\"20\"><\/div>\n<div class=\"mc-column content-text active-extra-styles \" data-block-type=\"unstyled\" data-block-weight=\"98\" data-block-id=\"21\">\n<p class=\"content-text__container \" data-track-category=\"Link no Texto\" data-track-links=\"\"><em>Sem que haja escolha de uma lideran\u00e7a serena que saiba ouvir, que seja honesto, que tenha experi\u00eancia e capacidade pol\u00edtica para pacificar e governar o pa\u00eds; sem que a sociedade civil volte a atuar como tal e n\u00e3o como massa de manobra de partidos; sem que os candidatos que n\u00e3o apostam em solu\u00e7\u00f5es extremas se re\u00fanam e decidam apoiar quem melhores condi\u00e7\u00f5es de \u00eaxito eleitoral tiver, a crise tender\u00e1 certamente a se agravar. Os maiores interessados nesse encontro e nessa converg\u00eancia devem ser os pr\u00f3prios candidatos que n\u00e3o se aliam \u00e0s vis\u00f5es radicais que op\u00f5em \u201celes\u201d contra \u201dn\u00f3s\u201d.<\/em><\/p>\n<\/div>\n<\/div>\n<div data-track-category=\"fim do conteudo\" data-track-action=\"ultimo chunk conteudo\" data-track-noninteraction=\"false\" data-track-scroll=\"entrada completa viewport\">\n<div class=\"mc-column content-text active-extra-styles \" data-block-type=\"unstyled\" data-block-weight=\"82\" data-block-id=\"22\">\n<p class=\"content-text__container \" data-track-category=\"Link no Texto\" data-track-links=\"\"><em>N\u00e3o \u00e9 de estagna\u00e7\u00e3o econ\u00f4mica, regress\u00e3o pol\u00edtica e social que o Brasil precisa. Somos todos respons\u00e1veis para evitar esse descaminho. \u00c9 hora de juntar for\u00e7as e escolher bem, antes que os acontecimentos nos levem para uma perigosa radicaliza\u00e7\u00e3o. Pensemos no pa\u00eds e n\u00e3o apenas nos partidos, neste ou naquele candidato. Caso contr\u00e1rio, ser\u00e1 imposs\u00edvel mudar para melhor a vida do povo. \u00c9 isto o que est\u00e1 em jogo: o povo e o pa\u00eds. A Na\u00e7\u00e3o \u00e9 o que importa neste momento decisivo.<\/em><\/p>\n<p data-track-category=\"Link no Texto\" data-track-links=\"\">Brasil de Fato<\/p>\n<p>Cariri em A\u00e7\u00e3o<\/p>\n<p>Leia mais not\u00edcias em\u00a0<a href=\"http:\/\/www.caririemacao.com\/\">caririemacao.com<\/a>, siga nossa p\u00e1gina no\u00a0<a href=\"https:\/\/www.facebook.com\/CaririEmAcao\/?ref=aymt_homepage_panel\">Facebook<\/a>,\u00a0<a href=\"https:\/\/www.instagram.com\/cariri_em_acao\/?hl=pt-br\">Instagram<\/a>\u00a0e\u00a0<a href=\"https:\/\/www.youtube.com\/channel\/UCAptA0jQuYQy8vMhLt2m4qg\">Youtube<\/a>\u00a0e veja nossas mat\u00e9rias, v\u00eddeos e fotos. Voc\u00ea tamb\u00e9m pode enviar informa\u00e7\u00f5es \u00e0 Reda\u00e7\u00e3o do Portal Cariri em A\u00e7\u00e3o pelo WhatsApp (83) 9 9634.5791, (83) 9 9601-1162.<\/p>\n<\/div>\n<\/div>\n<\/article>\n<\/div>\n","protected":false},"excerpt":{"rendered":"<p>O ex-presidente\u00a0Fernando Henrique Cardoso\u00a0(PSDB) divulgou uma carta na noite desta quinta-feira (20) direcionada aos eleitores, na qual pede serenidade e prega uni\u00e3o entre partidos para&hellip; <\/p>\n","protected":false},"author":1,"featured_media":65538,"comment_status":"closed","ping_status":"closed","sticky":false,"template":"","format":"standard","meta":{"sfsi_plus_gutenberg_text_before_share":"","sfsi_plus_gutenberg_show_text_before_share":"","sfsi_plus_gutenberg_icon_type":"","sfsi_plus_gutenberg_icon_alignemt":"","sfsi_plus_gutenburg_max_per_row":"","footnotes":""},"categories":[1],"tags":[],"class_list":["post-65592","post","type-post","status-publish","format-standard","has-post-thumbnail","hentry","category-o-site"],"_links":{"self":[{"href":"https:\/\/www.caririemacao.com\/1\/wp-json\/wp\/v2\/posts\/65592","targetHints":{"allow":["GET"]}}],"collection":[{"href":"https:\/\/www.caririemacao.com\/1\/wp-json\/wp\/v2\/posts"}],"about":[{"href":"https:\/\/www.caririemacao.com\/1\/wp-json\/wp\/v2\/types\/post"}],"author":[{"embeddable":true,"href":"https:\/\/www.caririemacao.com\/1\/wp-json\/wp\/v2\/users\/1"}],"replies":[{"embeddable":true,"href":"https:\/\/www.caririemacao.com\/1\/wp-json\/wp\/v2\/comments?post=65592"}],"version-history":[{"count":1,"href":"https:\/\/www.caririemacao.com\/1\/wp-json\/wp\/v2\/posts\/65592\/revisions"}],"predecessor-version":[{"id":65593,"href":"https:\/\/www.caririemacao.com\/1\/wp-json\/wp\/v2\/posts\/65592\/revisions\/65593"}],"wp:featuredmedia":[{"embeddable":true,"href":"https:\/\/www.caririemacao.com\/1\/wp-json\/wp\/v2\/media\/65538"}],"wp:attachment":[{"href":"https:\/\/www.caririemacao.com\/1\/wp-json\/wp\/v2\/media?parent=65592"}],"wp:term":[{"taxonomy":"category","embeddable":true,"href":"https:\/\/www.caririemacao.com\/1\/wp-json\/wp\/v2\/categories?post=65592"},{"taxonomy":"post_tag","embeddable":true,"href":"https:\/\/www.caririemacao.com\/1\/wp-json\/wp\/v2\/tags?post=65592"}],"curies":[{"name":"wp","href":"https:\/\/api.w.org\/{rel}","templated":true}]}}