{"id":65594,"date":"2018-09-22T07:11:00","date_gmt":"2018-09-22T10:11:00","guid":{"rendered":"http:\/\/www.caririemacao.com\/1\/?p=65594"},"modified":"2018-09-22T07:11:00","modified_gmt":"2018-09-22T10:11:00","slug":"cassio-aponta-equivoco-na-campanha-de-alckmin-eles-erraram-em-atacar-bolsonaro-e-nao-lula","status":"publish","type":"post","link":"https:\/\/www.caririemacao.com\/1\/2018\/09\/22\/cassio-aponta-equivoco-na-campanha-de-alckmin-eles-erraram-em-atacar-bolsonaro-e-nao-lula\/","title":{"rendered":"C\u00e1ssio aponta equ\u00edvoco na campanha de Alckmin: \u201cEles erraram em atacar Bolsonaro e n\u00e3o Lula\u201d"},"content":{"rendered":"<p>O senador C\u00e1ssio Cunha Lima (PSDB) declarou que o colega de partido e candidato \u00e0 Presid\u00eancia da Rep\u00fablica, Geraldo Alckmin (PSB), cometeu um grande erro na estrat\u00e9gia de campanha para as elei\u00e7\u00f5es deste ano. C\u00e1ssio afirmou que Alckmin e sua equipe se equivocaram em atacar Jair Bolsonaro (PSL) e n\u00e3o Lula (PT).<\/p>\n<p>\u201cBolsonaro catalizou uma parcela expressiva da popula\u00e7\u00e3o que quer uma mudan\u00e7a profunda, que est\u00e1 cansada. No momento em que se faz o ataque a quem est\u00e1 catalizando esse sentimento, voc\u00ea termina por atacar quem representa o sentimento, quem est\u00e1 sentindo esse desejo de mudan\u00e7a\u201d, explicou.<\/p>\n<p>Ao ser questionado se haveria a possibilidade de, em um segundo turno, votar em Bolsonaro, o tucano se esquivou e disse que n\u00e3o poderia responder porque, dessa forma, estaria desmoralizando a candidatura do colega Alckmin, apesar de reconhecer a influ\u00eancia do candidato do PSL.<\/p>\n<p>\u201cEu t\u00f4 sendo coerente com a defesa da minha candidatura e do meu partido, por\u00e9m n\u00e3o tem como n\u00e3o se impressionar com a carreata que foi feita aqui em Jo\u00e3o Pessoa, de forma espont\u00e2nea. As pessoas portando bandeiras do Brasil, vestindo camisa da sele\u00e7\u00e3o brasileira, trazendo um sentimento de patriotismo em torno de um sentimento que o candidato [Jair Bolsonaro] catalizou\u201d, concluiu.<\/p>\n<p>Blog do Gordinho<\/p>\n<p>O senador C\u00e1ssio Cunha Lima (PSDB) declarou que o colega de partido e candidato \u00e0 Presid\u00eancia da Rep\u00fablica, Geraldo Alckmin (PSB), cometeu um grande erro na estrat\u00e9gia de campanha para as elei\u00e7\u00f5es deste ano. C\u00e1ssio afirmou que Alckmin e sua equipe se equivocaram em atacar Jair Bolsonaro (PSL) e n\u00e3o Lula (PT).<\/p>\n<p>\u201cBolsonaro catalizou uma parcela expressiva da popula\u00e7\u00e3o que quer uma mudan\u00e7a profunda, que est\u00e1 cansada. No momento em que se faz o ataque a quem est\u00e1 catalizando esse sentimento, voc\u00ea termina por atacar quem representa o sentimento, quem est\u00e1 sentindo esse desejo de mudan\u00e7a\u201d, explicou.<\/p>\n<p>Ao ser questionado se haveria a possibilidade de, em um segundo turno, votar em Bolsonaro, o tucano se esquivou e disse que n\u00e3o poderia responder porque, dessa forma, estaria desmoralizando a candidatura do colega Alckmin, apesar de reconhecer a influ\u00eancia do candidato do PSL.<\/p>\n<p>\u201cEu t\u00f4 sendo coerente com a defesa da minha candidatura e do meu partido, por\u00e9m n\u00e3o tem como n\u00e3o se impressionar com a carreata que foi feita aqui em Jo\u00e3o Pessoa, de forma espont\u00e2nea. As pessoas portando bandeiras do Brasil, vestindo camisa da sele\u00e7\u00e3o brasileira, trazendo um sentimento de patriotismo em torno de um sentimento que o candidato [Jair Bolsonaro] catalizou\u201d, concluiu.<\/p>\n<p>Blog do Gordinho<\/p>\n<p>Cariri em A\u00e7\u00e3o<\/p>\n<p>Leia mais not\u00edcias em\u00a0<a href=\"http:\/\/www.caririemacao.com\/\">caririemacao.com<\/a>, siga nossa p\u00e1gina no\u00a0<a href=\"https:\/\/www.facebook.com\/CaririEmAcao\/?ref=aymt_homepage_panel\">Facebook<\/a>,\u00a0<a href=\"https:\/\/www.instagram.com\/cariri_em_acao\/?hl=pt-br\">Instagram<\/a>\u00a0e\u00a0<a href=\"https:\/\/www.youtube.com\/channel\/UCAptA0jQuYQy8vMhLt2m4qg\">Youtube<\/a>\u00a0e veja nossas mat\u00e9rias, v\u00eddeos e fotos. Voc\u00ea tamb\u00e9m pode enviar informa\u00e7\u00f5es \u00e0 Reda\u00e7\u00e3o do Portal Cariri em A\u00e7\u00e3o pelo WhatsApp (83) 9 9634.5791, (83) 9 9601-1162.<\/p>\n","protected":false},"excerpt":{"rendered":"<p>O senador C\u00e1ssio Cunha Lima (PSDB) declarou que o colega de partido e candidato \u00e0 Presid\u00eancia da Rep\u00fablica, Geraldo Alckmin (PSB), cometeu um grande erro&hellip; <\/p>\n","protected":false},"author":1,"featured_media":31468,"comment_status":"closed","ping_status":"closed","sticky":false,"template":"","format":"standard","meta":{"sfsi_plus_gutenberg_text_before_share":"","sfsi_plus_gutenberg_show_text_before_share":"","sfsi_plus_gutenberg_icon_type":"","sfsi_plus_gutenberg_icon_alignemt":"","sfsi_plus_gutenburg_max_per_row":"","footnotes":""},"categories":[11],"tags":[],"class_list":["post-65594","post","type-post","status-publish","format-standard","has-post-thumbnail","hentry","category-politica"],"_links":{"self":[{"href":"https:\/\/www.caririemacao.com\/1\/wp-json\/wp\/v2\/posts\/65594","targetHints":{"allow":["GET"]}}],"collection":[{"href":"https:\/\/www.caririemacao.com\/1\/wp-json\/wp\/v2\/posts"}],"about":[{"href":"https:\/\/www.caririemacao.com\/1\/wp-json\/wp\/v2\/types\/post"}],"author":[{"embeddable":true,"href":"https:\/\/www.caririemacao.com\/1\/wp-json\/wp\/v2\/users\/1"}],"replies":[{"embeddable":true,"href":"https:\/\/www.caririemacao.com\/1\/wp-json\/wp\/v2\/comments?post=65594"}],"version-history":[{"count":1,"href":"https:\/\/www.caririemacao.com\/1\/wp-json\/wp\/v2\/posts\/65594\/revisions"}],"predecessor-version":[{"id":65595,"href":"https:\/\/www.caririemacao.com\/1\/wp-json\/wp\/v2\/posts\/65594\/revisions\/65595"}],"wp:featuredmedia":[{"embeddable":true,"href":"https:\/\/www.caririemacao.com\/1\/wp-json\/wp\/v2\/media\/31468"}],"wp:attachment":[{"href":"https:\/\/www.caririemacao.com\/1\/wp-json\/wp\/v2\/media?parent=65594"}],"wp:term":[{"taxonomy":"category","embeddable":true,"href":"https:\/\/www.caririemacao.com\/1\/wp-json\/wp\/v2\/categories?post=65594"},{"taxonomy":"post_tag","embeddable":true,"href":"https:\/\/www.caririemacao.com\/1\/wp-json\/wp\/v2\/tags?post=65594"}],"curies":[{"name":"wp","href":"https:\/\/api.w.org\/{rel}","templated":true}]}}