{"id":65596,"date":"2018-09-22T07:13:49","date_gmt":"2018-09-22T10:13:49","guid":{"rendered":"http:\/\/www.caririemacao.com\/1\/?p=65596"},"modified":"2018-09-22T07:13:49","modified_gmt":"2018-09-22T10:13:49","slug":"fugitivo-da-penitenciaria-pb1-e-recapturado-dentro-de-mata-em-joao-pessoa","status":"publish","type":"post","link":"https:\/\/www.caririemacao.com\/1\/2018\/09\/22\/fugitivo-da-penitenciaria-pb1-e-recapturado-dentro-de-mata-em-joao-pessoa\/","title":{"rendered":"Fugitivo da penitenci\u00e1ria PB1 \u00e9 recapturado dentro de mata em Jo\u00e3o Pessoa"},"content":{"rendered":"<p><a class=\"single-image-gallery\" href=\"http:\/\/www.blogdogordinho.com.br\/mais-de-100-presidiarios-fogem-do-pb-1-troca-de-tiros-deixa-policial-ferido\/pb1-4\/\" rel=\"attachment wp-att-178342\"><img fetchpriority=\"high\" decoding=\"async\" class=\"size-large wp-image-178342 aligncenter\" src=\"https:\/\/i0.wp.com\/www.blogdogordinho.com.br\/site\/wp-content\/uploads\/2018\/09\/pb1.jpg?resize=1024%2C576\" sizes=\"(max-width: 1000px) 100vw, 1000px\" srcset=\"https:\/\/i0.wp.com\/www.blogdogordinho.com.br\/site\/wp-content\/uploads\/2018\/09\/pb1.jpg?resize=1024%2C576 1024w, https:\/\/i0.wp.com\/www.blogdogordinho.com.br\/site\/wp-content\/uploads\/2018\/09\/pb1.jpg?resize=300%2C169 300w, https:\/\/i0.wp.com\/www.blogdogordinho.com.br\/site\/wp-content\/uploads\/2018\/09\/pb1.jpg?resize=768%2C432 768w, https:\/\/i0.wp.com\/www.blogdogordinho.com.br\/site\/wp-content\/uploads\/2018\/09\/pb1.jpg?w=1040 1040w\" alt=\"\" width=\"330\" height=\"186\" data-attachment-id=\"178342\" data-permalink=\"http:\/\/www.blogdogordinho.com.br\/mais-de-100-presidiarios-fogem-do-pb-1-troca-de-tiros-deixa-policial-ferido\/pb1-4\/\" data-orig-file=\"https:\/\/i0.wp.com\/www.blogdogordinho.com.br\/site\/wp-content\/uploads\/2018\/09\/pb1.jpg?fit=1040%2C585\" data-orig-size=\"1040,585\" data-comments-opened=\"1\" data-image-meta=\"{&quot;aperture&quot;:&quot;0&quot;,&quot;credit&quot;:&quot;&quot;,&quot;camera&quot;:&quot;&quot;,&quot;caption&quot;:&quot;&quot;,&quot;created_timestamp&quot;:&quot;0&quot;,&quot;copyright&quot;:&quot;&quot;,&quot;focal_length&quot;:&quot;0&quot;,&quot;iso&quot;:&quot;0&quot;,&quot;shutter_speed&quot;:&quot;0&quot;,&quot;title&quot;:&quot;&quot;,&quot;orientation&quot;:&quot;0&quot;}\" data-image-title=\"pb1\" data-image-description=\"\" data-medium-file=\"https:\/\/i0.wp.com\/www.blogdogordinho.com.br\/site\/wp-content\/uploads\/2018\/09\/pb1.jpg?fit=300%2C169\" data-large-file=\"https:\/\/i0.wp.com\/www.blogdogordinho.com.br\/site\/wp-content\/uploads\/2018\/09\/pb1.jpg?fit=1024%2C576\" \/><\/a>A Pol\u00edcia Civil da Para\u00edba recapturou mais um preso foragido da Penitenci\u00e1ria de Seguran\u00e7a M\u00e1xima Romeu Gon\u00e7alves Abrantes (PB1) nessa quinta-feira (20). Manoel Messias Gomes da Silva foi localizado por integrantes da equipe da Delegacia Seccional de Mamanguape, pr\u00f3ximo \u00e0 Academia de Pol\u00edcia Civil (Acadepol). A a\u00e7\u00e3o aconteceu durante a tarde, quando os policiais tiveram conhecimento de que um homem sem camisa e armado com uma faca estava escondido na mata, \u00e0s margens da PB-008.<\/p>\n<p>\u201cNa Acadepol, pedimos refor\u00e7o e fizemos buscas dentro da mata. Outra informa\u00e7\u00e3o nos levou \u00e0 abordagem do homem no acostamento, no sentido da Academia. Neste momento, o preso j\u00e1 estava de cal\u00e7a comprida, camisa, bon\u00e9. Ele n\u00e3o portava documentos e negou ser fugitivo. Contudo, assim que chegou ao PB1 confirmou, assim como os agentes penitenci\u00e1rios presentes. Foi feito exame de corpo de delito e Manoel Messias foi entregue \u00e0 unidade prisional\u201d, explicou o agente operacional de Pol\u00edcia Civil Odenildo Soares de Lima, que participou da recaptura.<\/p>\n<p>Segundo informa\u00e7\u00f5es da Pol\u00edcia, o preso \u00e9 da cidade de Sap\u00e9 e estava h\u00e1 10 dias dentro da mata, se alimentando de caranquejo e frutas. Com Manoel Messias, as for\u00e7as de Seguran\u00e7a P\u00fablica da Para\u00edba somam 49 presos recapturados entre os 92 que fugiram do PB1 no dia 10 de setembro deste ano.<\/p>\n<p>Blog do Gordinho<\/p>\n<p>Cariri em A\u00e7\u00e3o<\/p>\n<p>Leia mais not\u00edcias em\u00a0<a href=\"http:\/\/www.caririemacao.com\/\">caririemacao.com<\/a>, siga nossa p\u00e1gina no\u00a0<a href=\"https:\/\/www.facebook.com\/CaririEmAcao\/?ref=aymt_homepage_panel\">Facebook<\/a>,\u00a0<a href=\"https:\/\/www.instagram.com\/cariri_em_acao\/?hl=pt-br\">Instagram<\/a>\u00a0e\u00a0<a href=\"https:\/\/www.youtube.com\/channel\/UCAptA0jQuYQy8vMhLt2m4qg\">Youtube<\/a>\u00a0e veja nossas mat\u00e9rias, v\u00eddeos e fotos. Voc\u00ea tamb\u00e9m pode enviar informa\u00e7\u00f5es \u00e0 Reda\u00e7\u00e3o do Portal Cariri em A\u00e7\u00e3o pelo WhatsApp (83) 9 9634.5791, (83) 9 9601-1162.<\/p>\n","protected":false},"excerpt":{"rendered":"<p>A Pol\u00edcia Civil da Para\u00edba recapturou mais um preso foragido da Penitenci\u00e1ria de Seguran\u00e7a M\u00e1xima Romeu Gon\u00e7alves Abrantes (PB1) nessa quinta-feira (20). Manoel Messias Gomes&hellip; <\/p>\n","protected":false},"author":1,"featured_media":53585,"comment_status":"closed","ping_status":"closed","sticky":false,"template":"","format":"standard","meta":{"sfsi_plus_gutenberg_text_before_share":"","sfsi_plus_gutenberg_show_text_before_share":"","sfsi_plus_gutenberg_icon_type":"","sfsi_plus_gutenberg_icon_alignemt":"","sfsi_plus_gutenburg_max_per_row":"","footnotes":""},"categories":[12],"tags":[],"class_list":["post-65596","post","type-post","status-publish","format-standard","has-post-thumbnail","hentry","category-policia"],"_links":{"self":[{"href":"https:\/\/www.caririemacao.com\/1\/wp-json\/wp\/v2\/posts\/65596","targetHints":{"allow":["GET"]}}],"collection":[{"href":"https:\/\/www.caririemacao.com\/1\/wp-json\/wp\/v2\/posts"}],"about":[{"href":"https:\/\/www.caririemacao.com\/1\/wp-json\/wp\/v2\/types\/post"}],"author":[{"embeddable":true,"href":"https:\/\/www.caririemacao.com\/1\/wp-json\/wp\/v2\/users\/1"}],"replies":[{"embeddable":true,"href":"https:\/\/www.caririemacao.com\/1\/wp-json\/wp\/v2\/comments?post=65596"}],"version-history":[{"count":1,"href":"https:\/\/www.caririemacao.com\/1\/wp-json\/wp\/v2\/posts\/65596\/revisions"}],"predecessor-version":[{"id":65597,"href":"https:\/\/www.caririemacao.com\/1\/wp-json\/wp\/v2\/posts\/65596\/revisions\/65597"}],"wp:featuredmedia":[{"embeddable":true,"href":"https:\/\/www.caririemacao.com\/1\/wp-json\/wp\/v2\/media\/53585"}],"wp:attachment":[{"href":"https:\/\/www.caririemacao.com\/1\/wp-json\/wp\/v2\/media?parent=65596"}],"wp:term":[{"taxonomy":"category","embeddable":true,"href":"https:\/\/www.caririemacao.com\/1\/wp-json\/wp\/v2\/categories?post=65596"},{"taxonomy":"post_tag","embeddable":true,"href":"https:\/\/www.caririemacao.com\/1\/wp-json\/wp\/v2\/tags?post=65596"}],"curies":[{"name":"wp","href":"https:\/\/api.w.org\/{rel}","templated":true}]}}