{"id":65598,"date":"2018-09-22T07:17:41","date_gmt":"2018-09-22T10:17:41","guid":{"rendered":"http:\/\/www.caririemacao.com\/1\/?p=65598"},"modified":"2018-09-22T07:17:41","modified_gmt":"2018-09-22T10:17:41","slug":"arrecadacao-do-governo-e-a-maior-para-agosto-em-4-anos-alta-do-petroleo-ajuda","status":"publish","type":"post","link":"https:\/\/www.caririemacao.com\/1\/2018\/09\/22\/arrecadacao-do-governo-e-a-maior-para-agosto-em-4-anos-alta-do-petroleo-ajuda\/","title":{"rendered":"Arrecada\u00e7\u00e3o do governo \u00e9 a maior para agosto em 4 anos; alta do petr\u00f3leo ajuda"},"content":{"rendered":"<p>A arrecada\u00e7\u00e3o com impostos, contribui\u00e7\u00f5es e demais receitas teve crescimento real (acima da infla\u00e7\u00e3o) de 1,08% em agosto deste ano e atingiu R$ 109,751 bilh\u00f5es, informou nesta sexta-feira (21) a Secretaria da Receita Federal.<\/p>\n<p>Foi o maior valor para meses de agosto desde 2014, ou seja, em quatro anos. No mesmo m\u00eas do ano passado, a arrecada\u00e7\u00e3o federal somou R$ 108,576 bilh\u00f5es (valor corrigido pela infla\u00e7\u00e3o).<\/p>\n<p>De acordo com a Receita Federal, o m\u00eas de agosto tamb\u00e9m foi o d\u00e9cimo m\u00eas consecutivo em que a arrecada\u00e7\u00e3o federal teve crescimento real frente ao mesmo per\u00edodo do ano anterior. A \u00faltima queda foi em outubro do ano passado, mas o resultado foi influenciado pela receita extra com a chamada \u201crepatria\u00e7\u00e3o\u201d, em outubro de 2016.<\/p>\n<p>A alta da arrecada\u00e7\u00e3o acontece em um momento de reaquecimento, ainda que mais fraco do que esperado, da economia, que saiu da recess\u00e3o no ano passado \u2013 quando o Produto Interno Bruto (PIB) registrou um crescimento de 1%, depois de dois anos de recess\u00e3o.<\/p>\n<p>Os valores arrecadados tamb\u00e9m est\u00e3o sendo influenciados positivamente pelas receitas com \u201croyalties\u201d do petr\u00f3leo \u2013 por conta da alta do pre\u00e7o do produto no mercado internacional. Em agosto deste ano, a arrecada\u00e7\u00e3o dos \u201croyalties\u201d subiu 24,63% em termos reais (acima da infla\u00e7\u00e3o), para R$ 2,56 bilh\u00f5es.<\/p>\n<p><strong>Parcial do ano<\/strong><\/p>\n<p>No acumulado dos oito primeiros meses deste ano, a arrecada\u00e7\u00e3o total somou R$ 953,621 bilh\u00f5es, com crescimento real de 6,94% na compara\u00e7\u00e3o com o mesmo per\u00edodo do ano passado. Tamb\u00e9m foi a maior arrecada\u00e7\u00e3o para o per\u00edodo desde 2014, isto \u00e9, em quatro anos.<\/p>\n<p>A Receita Federal informou que cresceu, nos oito primeiros meses deste ano, a arrecada\u00e7\u00e3o com parcelamentos (Refis, incluindo tamb\u00e9m a d\u00edvida ativa), al\u00e9m da alta nas receitas com combust\u00edveis, devido ao aumento da tributa\u00e7\u00e3o, e, tamb\u00e9m, da arrecada\u00e7\u00e3o oriunda de a\u00e7\u00f5es de cobran\u00e7a efetuadas pelo Fisco.<\/p>\n<p>A arrecada\u00e7\u00e3o de \u201croyalties\u201d do petr\u00f3leo foi outro fator que ajudou bastante a arrecada\u00e7\u00e3o na parcial deste ano \u2013 quando os valores somaram R$ 38,406 bilh\u00f5es, com alta real de 49,20% frente ao mesmo per\u00edodo de 2017 (R$ 24,866 bilh\u00f5es).<\/p>\n<p><strong>Meta fiscal<\/strong><\/p>\n<p>O comportamento da arrecada\u00e7\u00e3o \u00e9 importante porque ajuda o governo a tentar cumprir a meta fiscal, ou seja, o resultado para as contas p\u00fablicas.<\/p>\n<p>Para 2018, a meta em vigor \u00e9 de d\u00e9ficit (resultado negativo, sem contar as despesas com juros) de at\u00e9 R$ 159 bilh\u00f5es.<\/p>\n<p>No ano passado, o rombo fiscal somou R$ 124 bilh\u00f5es. Foi o quarto ano seguido de rombo nas contas p\u00fablicas e o segundo pior resultado da hist\u00f3ria.<\/p>\n<p>Houve, entretanto, melhora frente ao d\u00e9ficit prim\u00e1rio de 2016, que atingiu o recorde de R$ 161,27 bilh\u00f5es (valor revisado), o equivalente a 2,6% do PIB.<\/p>\n<p>A consequ\u00eancia de as contas p\u00fablicas registrarem d\u00e9ficits fiscais seguidos \u00e9 a piora da d\u00edvida p\u00fablica e impactos inflacion\u00e1rios. A previs\u00e3o do governo \u00e9 de que as contas do governo retornem ao azul somente em 2022.<\/p>\n<p>Blog do Gordinho<\/p>\n<p>Cariri em A\u00e7\u00e3o<\/p>\n<p>Leia mais not\u00edcias em\u00a0<a href=\"http:\/\/www.caririemacao.com\/\">caririemacao.com<\/a>, siga nossa p\u00e1gina no\u00a0<a href=\"https:\/\/www.facebook.com\/CaririEmAcao\/?ref=aymt_homepage_panel\">Facebook<\/a>,\u00a0<a href=\"https:\/\/www.instagram.com\/cariri_em_acao\/?hl=pt-br\">Instagram<\/a>\u00a0e\u00a0<a href=\"https:\/\/www.youtube.com\/channel\/UCAptA0jQuYQy8vMhLt2m4qg\">Youtube<\/a>\u00a0e veja nossas mat\u00e9rias, v\u00eddeos e fotos. Voc\u00ea tamb\u00e9m pode enviar informa\u00e7\u00f5es \u00e0 Reda\u00e7\u00e3o do Portal Cariri em A\u00e7\u00e3o pelo WhatsApp (83) 9 9634.5791, (83) 9 9601-1162.<\/p>\n","protected":false},"excerpt":{"rendered":"<p>A arrecada\u00e7\u00e3o com impostos, contribui\u00e7\u00f5es e demais receitas teve crescimento real (acima da infla\u00e7\u00e3o) de 1,08% em agosto deste ano e atingiu R$ 109,751 bilh\u00f5es,&hellip; <\/p>\n","protected":false},"author":1,"featured_media":5145,"comment_status":"closed","ping_status":"closed","sticky":false,"template":"","format":"standard","meta":{"sfsi_plus_gutenberg_text_before_share":"","sfsi_plus_gutenberg_show_text_before_share":"","sfsi_plus_gutenberg_icon_type":"","sfsi_plus_gutenberg_icon_alignemt":"","sfsi_plus_gutenburg_max_per_row":"","footnotes":""},"categories":[2],"tags":[],"class_list":["post-65598","post","type-post","status-publish","format-standard","has-post-thumbnail","hentry","category-geral"],"_links":{"self":[{"href":"https:\/\/www.caririemacao.com\/1\/wp-json\/wp\/v2\/posts\/65598","targetHints":{"allow":["GET"]}}],"collection":[{"href":"https:\/\/www.caririemacao.com\/1\/wp-json\/wp\/v2\/posts"}],"about":[{"href":"https:\/\/www.caririemacao.com\/1\/wp-json\/wp\/v2\/types\/post"}],"author":[{"embeddable":true,"href":"https:\/\/www.caririemacao.com\/1\/wp-json\/wp\/v2\/users\/1"}],"replies":[{"embeddable":true,"href":"https:\/\/www.caririemacao.com\/1\/wp-json\/wp\/v2\/comments?post=65598"}],"version-history":[{"count":1,"href":"https:\/\/www.caririemacao.com\/1\/wp-json\/wp\/v2\/posts\/65598\/revisions"}],"predecessor-version":[{"id":65599,"href":"https:\/\/www.caririemacao.com\/1\/wp-json\/wp\/v2\/posts\/65598\/revisions\/65599"}],"wp:featuredmedia":[{"embeddable":true,"href":"https:\/\/www.caririemacao.com\/1\/wp-json\/wp\/v2\/media\/5145"}],"wp:attachment":[{"href":"https:\/\/www.caririemacao.com\/1\/wp-json\/wp\/v2\/media?parent=65598"}],"wp:term":[{"taxonomy":"category","embeddable":true,"href":"https:\/\/www.caririemacao.com\/1\/wp-json\/wp\/v2\/categories?post=65598"},{"taxonomy":"post_tag","embeddable":true,"href":"https:\/\/www.caririemacao.com\/1\/wp-json\/wp\/v2\/tags?post=65598"}],"curies":[{"name":"wp","href":"https:\/\/api.w.org\/{rel}","templated":true}]}}