{"id":65600,"date":"2018-09-22T07:21:03","date_gmt":"2018-09-22T10:21:03","guid":{"rendered":"http:\/\/www.caririemacao.com\/1\/?p=65600"},"modified":"2018-09-22T07:21:03","modified_gmt":"2018-09-22T10:21:03","slug":"amistosos-tite-chama-malcom-e-pablo-para-amistosos-gabriel-jesus-volta","status":"publish","type":"post","link":"https:\/\/www.caririemacao.com\/1\/2018\/09\/22\/amistosos-tite-chama-malcom-e-pablo-para-amistosos-gabriel-jesus-volta\/","title":{"rendered":"Amistosos: Tite chama Malcom e Pablo para amistosos; Gabriel Jesus volta"},"content":{"rendered":"<p>O t\u00e9cnico Tite anunciou nesta sexta-feira sua segunda convoca\u00e7\u00e3o ap\u00f3s a Copa do Mundo, promovendo o retorno de quatro atletas que estiveram na R\u00fassia. O comandante da sele\u00e7\u00e3o brasileira voltou a chamar \u00c9derson, Miranda, Marcelo, Danilo e Gabriel Jesus \u2013 que ficaram de fora dos duelos contra Estados Unidos e El Salvador.<\/p>\n<p>As principais novidades da rela\u00e7\u00e3o s\u00e3o as presen\u00e7as do zagueiro Pablo, do Bordeaux, do volante Wallace, do Hannover, e do atacante Malcom, do Barcelona. Phelipe, goleiro do Gr\u00eamio, foi chamado para participar dos treinamentos \u2013 assim como havia acontecido com Hugo, do Flamengo. Nomes que ganharam chances na \u00faltima convoca\u00e7\u00e3o, Milit\u00e3o, Arthur, \u00c9verton e Richarlison foram chamados novamente.<\/p>\n<p>Thiago Silva, Fagner, Filipe Lu\u00eds, Willian e Douglas Costa \u2013 que haviam sido chamados para os amistosos do come\u00e7o deste m\u00eas \u2013 ficaram fora desta lista. Antes da convoca\u00e7\u00e3o, o coordenador de sele\u00e7\u00f5es Edu Gaspar anunciou que os quatro clubes envolvidos nas semifinais da Copa do Brasil \u2013 Corinthians, Cruzeiro, Flamengo e Palmeiras \u2013 n\u00e3o teriam atletas convocados.<\/p>\n<p>A sele\u00e7\u00e3o brasileira enfrentar\u00e1 a Ar\u00e1bia Saudita no dia 12 de outubro, em Riad, \u00e0s 15h (de Bras\u00edlia). Quatro dias depois, o time comandado por Tite pegar\u00e1 a Argentina, em Jid\u00e1, tamb\u00e9m na Ar\u00e1bia, \u00e0s 15h. Antes, nos dias 8, 9 e 10, a Sele\u00e7\u00e3o realizar\u00e1 treinamentos no CT do Tottenham, em Londres.<\/p>\n<p>Confira a lista de convocados:<br \/>\nGoleiros: Alisson (Liverpool), \u00c9derson (Manchester City) e Phelipe (Gr\u00eamio);<br \/>\nDefensores: Alex Sandro (Juventus), Danilo (Manchester City), \u00c9der Milit\u00e3o (Porto), Fabinho (Liverpool), Marquinhos (PSG), Marcelo (Real Madrid), Miranda (Inter de Mil\u00e3o) e Pablo (Bordeaux);<br \/>\nMeio-campistas: Arthur (Barcelona), Casemiro (Real Madrid), Fred (Manchester United), Philippe Coutinho (Barcelona), Renato Augusto (Beijing Guoan), e Walace (Hannover);<br \/>\nAtacantes: \u00c9verton (Gr\u00eamio), Roberto Firmino (Liverpool), Gabriel Jesus (Manchester City), Malcom (Barcelona), Neymar (PSG) e Richarlison (Everton).<\/p>\n<p>G1<\/p>\n<p>Cariri em A\u00e7\u00e3o<\/p>\n<p>Leia mais not\u00edcias em\u00a0<a href=\"http:\/\/www.caririemacao.com\/\">caririemacao.com<\/a>, siga nossa p\u00e1gina no\u00a0<a href=\"https:\/\/www.facebook.com\/CaririEmAcao\/?ref=aymt_homepage_panel\">Facebook<\/a>,\u00a0<a href=\"https:\/\/www.instagram.com\/cariri_em_acao\/?hl=pt-br\">Instagram<\/a>\u00a0e\u00a0<a href=\"https:\/\/www.youtube.com\/channel\/UCAptA0jQuYQy8vMhLt2m4qg\">Youtube<\/a>\u00a0e veja nossas mat\u00e9rias, v\u00eddeos e fotos. Voc\u00ea tamb\u00e9m pode enviar informa\u00e7\u00f5es \u00e0 Reda\u00e7\u00e3o do Portal Cariri em A\u00e7\u00e3o pelo WhatsApp (83) 9 9634.5791, (83) 9 9601-1162.<\/p>\n","protected":false},"excerpt":{"rendered":"<p>O t\u00e9cnico Tite anunciou nesta sexta-feira sua segunda convoca\u00e7\u00e3o ap\u00f3s a Copa do Mundo, promovendo o retorno de quatro atletas que estiveram na R\u00fassia. O&hellip; <\/p>\n","protected":false},"author":1,"featured_media":43921,"comment_status":"closed","ping_status":"closed","sticky":false,"template":"","format":"standard","meta":{"sfsi_plus_gutenberg_text_before_share":"","sfsi_plus_gutenberg_show_text_before_share":"","sfsi_plus_gutenberg_icon_type":"","sfsi_plus_gutenberg_icon_alignemt":"","sfsi_plus_gutenburg_max_per_row":"","footnotes":""},"categories":[13],"tags":[],"class_list":["post-65600","post","type-post","status-publish","format-standard","has-post-thumbnail","hentry","category-esportes"],"_links":{"self":[{"href":"https:\/\/www.caririemacao.com\/1\/wp-json\/wp\/v2\/posts\/65600","targetHints":{"allow":["GET"]}}],"collection":[{"href":"https:\/\/www.caririemacao.com\/1\/wp-json\/wp\/v2\/posts"}],"about":[{"href":"https:\/\/www.caririemacao.com\/1\/wp-json\/wp\/v2\/types\/post"}],"author":[{"embeddable":true,"href":"https:\/\/www.caririemacao.com\/1\/wp-json\/wp\/v2\/users\/1"}],"replies":[{"embeddable":true,"href":"https:\/\/www.caririemacao.com\/1\/wp-json\/wp\/v2\/comments?post=65600"}],"version-history":[{"count":1,"href":"https:\/\/www.caririemacao.com\/1\/wp-json\/wp\/v2\/posts\/65600\/revisions"}],"predecessor-version":[{"id":65601,"href":"https:\/\/www.caririemacao.com\/1\/wp-json\/wp\/v2\/posts\/65600\/revisions\/65601"}],"wp:featuredmedia":[{"embeddable":true,"href":"https:\/\/www.caririemacao.com\/1\/wp-json\/wp\/v2\/media\/43921"}],"wp:attachment":[{"href":"https:\/\/www.caririemacao.com\/1\/wp-json\/wp\/v2\/media?parent=65600"}],"wp:term":[{"taxonomy":"category","embeddable":true,"href":"https:\/\/www.caririemacao.com\/1\/wp-json\/wp\/v2\/categories?post=65600"},{"taxonomy":"post_tag","embeddable":true,"href":"https:\/\/www.caririemacao.com\/1\/wp-json\/wp\/v2\/tags?post=65600"}],"curies":[{"name":"wp","href":"https:\/\/api.w.org\/{rel}","templated":true}]}}