{"id":65603,"date":"2018-09-22T08:36:49","date_gmt":"2018-09-22T11:36:49","guid":{"rendered":"http:\/\/www.caririemacao.com\/1\/?p=65603"},"modified":"2018-09-22T08:36:49","modified_gmt":"2018-09-22T11:36:49","slug":"candidatos-ao-governo-do-estado-cumprem-agenda-no-interior-neste-sabado-confira-programacao","status":"publish","type":"post","link":"https:\/\/www.caririemacao.com\/1\/2018\/09\/22\/candidatos-ao-governo-do-estado-cumprem-agenda-no-interior-neste-sabado-confira-programacao\/","title":{"rendered":"Candidatos ao Governo do Estado cumprem agenda no interior neste s\u00e1bado; confira programa\u00e7\u00e3o"},"content":{"rendered":"<p>Os candidatos ao Governo do Estado cumprem agenda de campanha neste s\u00e1bado (22). Na programa\u00e7\u00e3o, visitas ao interior e atividades em Jo\u00e3o Pessoa.<\/p>\n<p><strong>Confira:<\/strong><\/p>\n<p><strong>Jo\u00e3o Azev\u00eado (PSB)<\/strong><\/p>\n<p>Caravana do Trabalho pelo Anel do Cariri<\/p>\n<p>Manh\u00e3 \u2013 9h \u2013 Largada da caravana em Zabel\u00ea<\/p>\n<p>10h \u2013 S\u00e3o Sebasti\u00e3o do Umbuzeiro<\/p>\n<p>Tarde \u2013 12h \u2013 S\u00e3o Jo\u00e3o do Tigre<\/p>\n<p>13h \u2013 Camala\u00fa<\/p>\n<p>14h \u2013 Congo<\/p>\n<p>15h \u2013 Cara\u00fabas<\/p>\n<p>16h \u2013 S\u00e3o Domingos do Cariri<\/p>\n<p>17h \u2013 Cabaceiras<\/p>\n<p>Noite \u2013 18h \u2013 Boqueir\u00e3o<\/p>\n<p>19h \u2013 Caturit\u00e9<\/p>\n<p>20h \u2013 Encerramento da caravana com com\u00edcio em Queimadas<\/p>\n<p><strong>Jos\u00e9 Maranh\u00e3o (MDB)<\/strong><\/p>\n<p>Manh\u00e3 e tarde \u2013 8h \u2013 Carreata \u2013 Concentra\u00e7\u00e3o em Teixeira, passando por Matur\u00e9ia, Imaculada, \u00c1gua Branca, Juru, Tavares, Princesa Isabel e S\u00e3o Jos\u00e9 de Princesa<\/p>\n<p>Noite \u2013 20h \u2013 Com\u00edcio em Mana\u00edra<\/p>\n<p><strong>Luc\u00e9lio Cartaxo (PV)<\/strong><\/p>\n<p>Manh\u00e3 \u2013 7h \u2013 Visita feira p\u00fablica de Itaporanga<\/p>\n<p>9h \u2013 Encontra popula\u00e7\u00e3o de Igaracy<\/p>\n<p>11h \u2013 Em Coremas, encontra popula\u00e7\u00e3o e lideran\u00e7as<\/p>\n<p>Tarde \u2013 16h \u2013 Visita cidade de Ba\u00eda da Trai\u00e7\u00e3o<\/p>\n<p>17h \u2013 Encontra popula\u00e7\u00e3o de Marca\u00e7\u00e3o<\/p>\n<p>Noite \u2013 18h \u2013 Visita cidade de Rio Tinto<\/p>\n<p>19h \u2013 Caminhada com com\u00edcio em Mamanguape<\/p>\n<p>20h30 \u2013 Encontra popula\u00e7\u00e3o de Itapororoca<\/p>\n<p><strong>Rama Dantas (PSTU)<\/strong><\/p>\n<p>Manh\u00e3 \u2013 9h30 \u2013 Plen\u00e1ria com militantes e apoiadores<\/p>\n<p><strong>T\u00e1rcio Teixeira (PSOL)<\/strong><\/p>\n<p>Manh\u00e3 \u2013\u00a09h \u2013 Panfletagem e minicom\u00edcio no Valentina, em Jo\u00e3o Pessoa<\/p>\n<p>Tarde \u2013\u00a013h \u2013 Panfletagem nas media\u00e7\u00f5es da Pra\u00e7a Rio Branco, em Jo\u00e3o Pessoa<\/p>\n<p>Tarde \u2013 17h30 \u2013 Panfletagem na entrada do Shopping Mana\u00edra, em Jo\u00e3o Pessoa<\/p>\n<p>Blog do Gordinho<\/p>\n<p>Cariri em A\u00e7\u00e3o<\/p>\n<p>Leia mais not\u00edcias em\u00a0<a href=\"http:\/\/www.caririemacao.com\/\">caririemacao.com<\/a>, siga nossa p\u00e1gina no\u00a0<a href=\"https:\/\/www.facebook.com\/CaririEmAcao\/?ref=aymt_homepage_panel\">Facebook<\/a>,\u00a0<a href=\"https:\/\/www.instagram.com\/cariri_em_acao\/?hl=pt-br\">Instagram<\/a>\u00a0e\u00a0<a href=\"https:\/\/www.youtube.com\/channel\/UCAptA0jQuYQy8vMhLt2m4qg\">Youtube<\/a>\u00a0e veja nossas mat\u00e9rias, v\u00eddeos e fotos. Voc\u00ea tamb\u00e9m pode enviar informa\u00e7\u00f5es \u00e0 Reda\u00e7\u00e3o do Portal Cariri em A\u00e7\u00e3o pelo WhatsApp (83) 9 9634.5791, (83) 9 9601-1162.<\/p>\n","protected":false},"excerpt":{"rendered":"<p>Os candidatos ao Governo do Estado cumprem agenda de campanha neste s\u00e1bado (22). Na programa\u00e7\u00e3o, visitas ao interior e atividades em Jo\u00e3o Pessoa. Confira: Jo\u00e3o&hellip; <\/p>\n","protected":false},"author":1,"featured_media":64929,"comment_status":"closed","ping_status":"closed","sticky":false,"template":"","format":"standard","meta":{"sfsi_plus_gutenberg_text_before_share":"","sfsi_plus_gutenberg_show_text_before_share":"","sfsi_plus_gutenberg_icon_type":"","sfsi_plus_gutenberg_icon_alignemt":"","sfsi_plus_gutenburg_max_per_row":"","footnotes":""},"categories":[1],"tags":[],"class_list":["post-65603","post","type-post","status-publish","format-standard","has-post-thumbnail","hentry","category-o-site"],"_links":{"self":[{"href":"https:\/\/www.caririemacao.com\/1\/wp-json\/wp\/v2\/posts\/65603","targetHints":{"allow":["GET"]}}],"collection":[{"href":"https:\/\/www.caririemacao.com\/1\/wp-json\/wp\/v2\/posts"}],"about":[{"href":"https:\/\/www.caririemacao.com\/1\/wp-json\/wp\/v2\/types\/post"}],"author":[{"embeddable":true,"href":"https:\/\/www.caririemacao.com\/1\/wp-json\/wp\/v2\/users\/1"}],"replies":[{"embeddable":true,"href":"https:\/\/www.caririemacao.com\/1\/wp-json\/wp\/v2\/comments?post=65603"}],"version-history":[{"count":1,"href":"https:\/\/www.caririemacao.com\/1\/wp-json\/wp\/v2\/posts\/65603\/revisions"}],"predecessor-version":[{"id":65604,"href":"https:\/\/www.caririemacao.com\/1\/wp-json\/wp\/v2\/posts\/65603\/revisions\/65604"}],"wp:featuredmedia":[{"embeddable":true,"href":"https:\/\/www.caririemacao.com\/1\/wp-json\/wp\/v2\/media\/64929"}],"wp:attachment":[{"href":"https:\/\/www.caririemacao.com\/1\/wp-json\/wp\/v2\/media?parent=65603"}],"wp:term":[{"taxonomy":"category","embeddable":true,"href":"https:\/\/www.caririemacao.com\/1\/wp-json\/wp\/v2\/categories?post=65603"},{"taxonomy":"post_tag","embeddable":true,"href":"https:\/\/www.caririemacao.com\/1\/wp-json\/wp\/v2\/tags?post=65603"}],"curies":[{"name":"wp","href":"https:\/\/api.w.org\/{rel}","templated":true}]}}