{"id":65605,"date":"2018-09-22T08:42:45","date_gmt":"2018-09-22T11:42:45","guid":{"rendered":"http:\/\/www.caririemacao.com\/1\/?p=65605"},"modified":"2018-09-22T08:42:45","modified_gmt":"2018-09-22T11:42:45","slug":"confira-a-previsao-do-tempo-para-este-sabado-em-toda-paraiba-6","status":"publish","type":"post","link":"https:\/\/www.caririemacao.com\/1\/2018\/09\/22\/confira-a-previsao-do-tempo-para-este-sabado-em-toda-paraiba-6\/","title":{"rendered":"Confira a previs\u00e3o do tempo para este s\u00e1bado em toda Para\u00edba"},"content":{"rendered":"<p>Hoje inicia-se a primavera no Hemisf\u00e9rio Sul e ter\u00e1 in\u00edcio \u00e0s 22h54min. O estado da Para\u00edba, por estar localizado pr\u00f3ximo \u00e0 Linha do Equador, n\u00e3o sofre varia\u00e7\u00f5es clim\u00e1ticas muito acentuadas quando da transi\u00e7\u00e3o de uma esta\u00e7\u00e3o para outra. Durante a primavera, os dias come\u00e7am a ficar mais longos e as noites mais curtas. Neste per\u00edodo, a temperatura do ar come\u00e7a a entrar em gradativa eleva\u00e7\u00e3o at\u00e9 a chegada do ver\u00e3o. Nesta esta\u00e7\u00e3o, as temperaturas variam de m\u00ednimas de 17\u00baC no Cariri a m\u00e1ximas de 36\u00baC no Sert\u00e3o. Houve um redu\u00e7\u00e3o na nebulosidade em praticamente todo estado da Para\u00edba e o tempo no dia de hoje dever\u00e1 permanecer est\u00e1vel e com poucas nuvens.<\/p>\n<p><img decoding=\"async\" class=\"alignnone size-medium wp-image-505457 lazyloaded\" src=\"https:\/\/paraibaonline.com.br\/wp-content\/uploads\/2018\/09\/tempo2209-567x325.jpg\" sizes=\"(max-width: 567px) 100vw, 567px\" srcset=\"https:\/\/paraibaonline.com.br\/wp-content\/uploads\/2018\/09\/tempo2209-567x325.jpg 567w, https:\/\/paraibaonline.com.br\/wp-content\/uploads\/2018\/09\/tempo2209.jpg 800w\" alt=\"\" data-lazy-src=\"https:\/\/paraibaonline.com.br\/wp-content\/uploads\/2018\/09\/tempo2209-567x325.jpg\" data-lazy-srcset=\"https:\/\/paraibaonline.com.br\/wp-content\/uploads\/2018\/09\/tempo2209-567x325.jpg 567w, https:\/\/paraibaonline.com.br\/wp-content\/uploads\/2018\/09\/tempo2209.jpg 800w\" data-lazy-sizes=\"(max-width: 567px) 100vw, 567px\" data-was-processed=\"true\" \/><\/p>\n<p>Aesa\/PB<\/p>\n<p>Cariri em A\u00e7\u00e3o<\/p>\n<p>Leia mais not\u00edcias em\u00a0<a href=\"http:\/\/www.caririemacao.com\/\">caririemacao.com<\/a>, siga nossa p\u00e1gina no\u00a0<a href=\"https:\/\/www.facebook.com\/CaririEmAcao\/?ref=aymt_homepage_panel\">Facebook<\/a>,\u00a0<a href=\"https:\/\/www.instagram.com\/cariri_em_acao\/?hl=pt-br\">Instagram<\/a>\u00a0e\u00a0<a href=\"https:\/\/www.youtube.com\/channel\/UCAptA0jQuYQy8vMhLt2m4qg\">Youtube<\/a>\u00a0e veja nossas mat\u00e9rias, v\u00eddeos e fotos. Voc\u00ea tamb\u00e9m pode enviar informa\u00e7\u00f5es \u00e0 Reda\u00e7\u00e3o do Portal Cariri em A\u00e7\u00e3o pelo WhatsApp (83) 9 9634.5791, (83) 9 9601-1162.<\/p>\n","protected":false},"excerpt":{"rendered":"<p>Hoje inicia-se a primavera no Hemisf\u00e9rio Sul e ter\u00e1 in\u00edcio \u00e0s 22h54min. O estado da Para\u00edba, por estar localizado pr\u00f3ximo \u00e0 Linha do Equador, n\u00e3o&hellip; <\/p>\n","protected":false},"author":1,"featured_media":61671,"comment_status":"closed","ping_status":"closed","sticky":false,"template":"","format":"standard","meta":{"sfsi_plus_gutenberg_text_before_share":"","sfsi_plus_gutenberg_show_text_before_share":"","sfsi_plus_gutenberg_icon_type":"","sfsi_plus_gutenberg_icon_alignemt":"","sfsi_plus_gutenburg_max_per_row":"","footnotes":""},"categories":[6],"tags":[],"class_list":["post-65605","post","type-post","status-publish","format-standard","has-post-thumbnail","hentry","category-cidades"],"_links":{"self":[{"href":"https:\/\/www.caririemacao.com\/1\/wp-json\/wp\/v2\/posts\/65605","targetHints":{"allow":["GET"]}}],"collection":[{"href":"https:\/\/www.caririemacao.com\/1\/wp-json\/wp\/v2\/posts"}],"about":[{"href":"https:\/\/www.caririemacao.com\/1\/wp-json\/wp\/v2\/types\/post"}],"author":[{"embeddable":true,"href":"https:\/\/www.caririemacao.com\/1\/wp-json\/wp\/v2\/users\/1"}],"replies":[{"embeddable":true,"href":"https:\/\/www.caririemacao.com\/1\/wp-json\/wp\/v2\/comments?post=65605"}],"version-history":[{"count":1,"href":"https:\/\/www.caririemacao.com\/1\/wp-json\/wp\/v2\/posts\/65605\/revisions"}],"predecessor-version":[{"id":65606,"href":"https:\/\/www.caririemacao.com\/1\/wp-json\/wp\/v2\/posts\/65605\/revisions\/65606"}],"wp:featuredmedia":[{"embeddable":true,"href":"https:\/\/www.caririemacao.com\/1\/wp-json\/wp\/v2\/media\/61671"}],"wp:attachment":[{"href":"https:\/\/www.caririemacao.com\/1\/wp-json\/wp\/v2\/media?parent=65605"}],"wp:term":[{"taxonomy":"category","embeddable":true,"href":"https:\/\/www.caririemacao.com\/1\/wp-json\/wp\/v2\/categories?post=65605"},{"taxonomy":"post_tag","embeddable":true,"href":"https:\/\/www.caririemacao.com\/1\/wp-json\/wp\/v2\/tags?post=65605"}],"curies":[{"name":"wp","href":"https:\/\/api.w.org\/{rel}","templated":true}]}}